{"id":83,"date":"2021-09-15T11:50:54","date_gmt":"2021-09-15T11:50:54","guid":{"rendered":"https:\/\/sonamines.cm\/?p=83"},"modified":"2021-09-16T13:49:47","modified_gmt":"2021-09-16T13:49:47","slug":"la-premiere-session-ordinaire-du-conseil-dadministration-sest-tenue-le-mardi-22-juin-2021","status":"publish","type":"post","link":"https:\/\/sonamines.cm\/en\/la-premiere-session-ordinaire-du-conseil-dadministration-sest-tenue-le-mardi-22-juin-2021\/","title":{"rendered":"La premi\u00e8re session ordinaire du Conseil d&#8217;administration s&#8217;est tenue le mardi 22 juin 2021"},"content":{"rendered":"<p>La premi\u00e8re session ordinaire du Conseil d&#8217;Administration de la Soci\u00e9t\u00e9 Nationale des Mines (SONAMINES), s&#8217;est tenue \u00e0 l&#8217;H\u00f4tel Mont-F\u00e9b\u00e9 \u00e0 Yaound\u00e9, le mardi 22 juin 2021, sous la pr\u00e9sidence de M. Blaise MOUSSA, Pr\u00e9sident du Conseil d&#8217;Administration.<\/p>\n<p>Monsieur Serge Herv\u00e9 BOYOGUENO, Directeur G\u00e9n\u00e9ral de la SONAMINES, a rendu compte des points \u00e0 l&#8217;ordre du jour, assist\u00e9 de Monsieur Fru Johnathan, Directeur G\u00e9n\u00e9ral Adjoint.<\/p>\n<p>Cette session intervient deux mois apr\u00e8s la nomination des responsables des organes de gouvernance de cette corporation cr\u00e9\u00e9e par le d\u00e9cret pr\u00e9sidentiel n\u00b0 2020\/749 du 14 d\u00e9cembre 2020. Il est \u00e0 noter que cette session se tient dans un contexte marqu\u00e9 par l&#8217;urgence d&#8217;obtenir La SONAMINES op\u00e9rationnelle par l&#8217;adoption de textes et des premiers outils de base de pilotage strat\u00e9gique.<\/p>\n<p>Au cours des d\u00e9lib\u00e9rations, le Conseil d&#8217;Administration a examin\u00e9 les questions importantes et adopt\u00e9 des r\u00e9solutions relatives au d\u00e9collage effectif de la SONAMINES, notamment : le budget de d\u00e9marrage et le plan d&#8217;actions prioritaires. Ces r\u00e9solutions permettront \u00e0 la SONAMINES de poursuivre les activit\u00e9s d&#8217;achat d&#8217;or, la promotion de l&#8217;information g\u00e9ologique et mini\u00e8re et le suivi des activit\u00e9s d&#8217;exploration et d&#8217;exploitation mini\u00e8re. Quatre Commissions internes ont \u00e9t\u00e9 constitu\u00e9es au sein du Conseil d&#8217;Administration conform\u00e9ment aux statuts. Il s&#8217;agit de la Commission des march\u00e9s publics, de la Commission de la strat\u00e9gie, de la Commission de l&#8217;audit et de la gouvernance et de la Commission de l&#8217;environnement et des questions sociales.<\/p>\n<p>Le Conseil d&#8217;Administration a adopt\u00e9 le budget de la SONAMINES pour l&#8217;ann\u00e9e 2021, \u00e9quilibr\u00e9 en recettes et d\u00e9penses \u00e0 trois milliards sept cent soixante quatorze millions sept cent soixante quinze mille (3 774 775 000) FCFA.<\/p>\n<p>Le Conseil a adress\u00e9 ses chaleureuses f\u00e9licitations \u00e0 la Direction G\u00e9n\u00e9rale et l&#8217;encourage \u00e0 pers\u00e9v\u00e9rer dans les efforts consentis.<\/p>\n<p>Enfin, il a pris les mesures n\u00e9cessaires pour pr\u00e9parer l&#8217;Assembl\u00e9e g\u00e9n\u00e9rale ordinaire. \/-<\/p>\n<p>&nbsp;<\/p>\n<p>&nbsp;<\/p>","protected":false},"excerpt":{"rendered":"<p>La premi\u00e8re session ordinaire du Conseil d&#8217;Administration de la Soci\u00e9t\u00e9 Nationale des Mines (SONAMINES), s&#8217;est tenue \u00e0 l&#8217;H\u00f4tel Mont-F\u00e9b\u00e9 \u00e0 [&hellip;]<\/p>\n","protected":false},"author":1,"featured_media":53,"comment_status":"open","ping_status":"open","sticky":false,"template":"","format":"standard","meta":{"_coblocks_attr":"","_coblocks_dimensions":"","_coblocks_responsive_height":"","_coblocks_accordion_ie_support":"","_uag_custom_page_level_css":"","footnotes":""},"categories":[3],"tags":[],"class_list":["post-83","post","type-post","status-publish","format-standard","has-post-thumbnail","hentry","category-activite"],"uagb_featured_image_src":{"full":["https:\/\/sonamines.cm\/wp-content\/uploads\/2021\/09\/DSC2577-scaled-1@2x.png",756,474,false],"thumbnail":["https:\/\/sonamines.cm\/wp-content\/uploads\/2021\/09\/DSC2577-scaled-1@2x-150x150.png",150,150,true],"medium":["https:\/\/sonamines.cm\/wp-content\/uploads\/2021\/09\/DSC2577-scaled-1@2x-300x188.png",300,188,true],"medium_large":["https:\/\/sonamines.cm\/wp-content\/uploads\/2021\/09\/DSC2577-scaled-1@2x.png",640,401,false],"large":["https:\/\/sonamines.cm\/wp-content\/uploads\/2021\/09\/DSC2577-scaled-1@2x.png",640,401,false],"1536x1536":["https:\/\/sonamines.cm\/wp-content\/uploads\/2021\/09\/DSC2577-scaled-1@2x.png",756,474,false],"2048x2048":["https:\/\/sonamines.cm\/wp-content\/uploads\/2021\/09\/DSC2577-scaled-1@2x.png",756,474,false],"trp-custom-language-flag":["https:\/\/sonamines.cm\/wp-content\/uploads\/2021\/09\/DSC2577-scaled-1@2x.png",18,12,false]},"uagb_author_info":{"display_name":"admin","author_link":"https:\/\/sonamines.cm\/en\/author\/lewatt23\/"},"uagb_comment_info":0,"uagb_excerpt":"La premi\u00e8re session ordinaire du Conseil d&#8217;Administration de la Soci\u00e9t\u00e9 Nationale des Mines (SONAMINES), s&#8217;est tenue \u00e0 l&#8217;H\u00f4tel Mont-F\u00e9b\u00e9 \u00e0 [&hellip;]","_links":{"self":[{"href":"https:\/\/sonamines.cm\/en\/wp-json\/wp\/v2\/posts\/83","targetHints":{"allow":["GET"]}}],"collection":[{"href":"https:\/\/sonamines.cm\/en\/wp-json\/wp\/v2\/posts"}],"about":[{"href":"https:\/\/sonamines.cm\/en\/wp-json\/wp\/v2\/types\/post"}],"author":[{"embeddable":true,"href":"https:\/\/sonamines.cm\/en\/wp-json\/wp\/v2\/users\/1"}],"replies":[{"embeddable":true,"href":"https:\/\/sonamines.cm\/en\/wp-json\/wp\/v2\/comments?post=83"}],"version-history":[{"count":0,"href":"https:\/\/sonamines.cm\/en\/wp-json\/wp\/v2\/posts\/83\/revisions"}],"wp:featuredmedia":[{"embeddable":true,"href":"https:\/\/sonamines.cm\/en\/wp-json\/wp\/v2\/media\/53"}],"wp:attachment":[{"href":"https:\/\/sonamines.cm\/en\/wp-json\/wp\/v2\/media?parent=83"}],"wp:term":[{"taxonomy":"category","embeddable":true,"href":"https:\/\/sonamines.cm\/en\/wp-json\/wp\/v2\/categories?post=83"},{"taxonomy":"post_tag","embeddable":true,"href":"https:\/\/sonamines.cm\/en\/wp-json\/wp\/v2\/tags?post=83"}],"curies":[{"name":"wp","href":"https:\/\/api.w.org\/{rel}","templated":true}]}}