{"id":2205,"date":"2026-04-21T09:16:54","date_gmt":"2026-04-21T09:16:54","guid":{"rendered":"https:\/\/sonamines.cm\/?p=2205"},"modified":"2026-04-21T09:16:54","modified_gmt":"2026-04-21T09:16:54","slug":"assemblee-nationale-le-directeur-general-devant-la-commission-des-finances-et-du-budget","status":"publish","type":"post","link":"https:\/\/sonamines.cm\/en\/assemblee-nationale-le-directeur-general-devant-la-commission-des-finances-et-du-budget\/","title":{"rendered":"Assembl\u00e9e Nationale : Le Directeur G\u00e9n\u00e9ral devant la Commission des Finances et du Budget"},"content":{"rendered":"<p><em>C\u2019\u00e9tait \u00e0 l\u2019occasion du s\u00e9minaire de renforcement des capacit\u00e9s des Honorables D\u00e9put\u00e9s, membres de la Commission des Finances et du Budget de l\u2019Assembl\u00e9e Nationale et de sa cellule d\u2019appui technique, le 31 mars 2026 \u00e0 Yaound\u00e9.<\/em><\/p>\n<p><em>\u00a0<\/em>C\u2019est dans la salle de Commissions Salomon Tandeng Muna de l\u2019h\u00e9micycle du Palais des verres Paul Biya qu\u2019a eu lieu cette session de renforcement des capacit\u00e9s pr\u00e9sid\u00e9e par l\u2019Honorable Rosette AYAYI, en pr\u00e9sence du Directeur de la Comptabilit\u00e9 Publique au Minist\u00e8re des Finances.\u00a0 Le Directeur G\u00e9n\u00e9ral de la Soci\u00e9t\u00e9 Nationale des Mines (SONAMINES S.A) a \u00e9t\u00e9 convi\u00e9 \u00e0 l\u2019effet d\u2019exposer sur le r\u00f4le de son entreprise dans la mise en \u0153uvre de la politique mini\u00e8re au Cameroun.<\/p>\n<p>A cette occasion, Serge Herv\u00e9 Boyogueno a d\u00e9montr\u00e9 aux Honorables D\u00e9put\u00e9s de la Nation, comment la SONAMINES entend se positionner progressivement comme un<strong> \u00ab <em>acteur majeur et catalyseur du d\u00e9veloppement minier du Cameroun<\/em> \u00bb<\/strong>, pour transformer le \u00ab potentiel g\u00e9ologique \u00bb en une \u00ab richesse r\u00e9elle \u00bb et tangible pour chaque camerounais.<\/p>\n<p>Pour ce faire, en surfant \u00e0 travers les missions r\u00e9galiennes de la SONAMINES S.A et son r\u00f4le de mandataire de l\u2019\u00c9tat du Cameroun, il a d\u00e9montr\u00e9 comment sa jeune structure contribue au d\u00e9veloppement des projets miniers et de la mine durable, \u00e0 la promotion du potentiel minier et la transparence dans le secteur, \u00e0 la gestion des int\u00e9r\u00eats de l\u2019Etat dans les projets en phase d\u2019exploitation\u2026 etc.<\/p>\n<style type=\"text\/css\">\n#foogallery-gallery-2211 .fg-image { width: 270px; }\n#foogallery-gallery-2211 { --fg-gutter: 10px; }<\/style>\n\t\t\t<div class=\"foogallery foogallery-container foogallery-default foogallery-lightbox-foogallery fg-center fg-default fg-ready fg-light fg-shadow-medium fg-loading-default fg-loaded-fade-in fg-preset fg-brad fg-preset-small fg-preset fg-brad fg-preset-small\" id=\"foogallery-gallery-2211\" data-foogallery=\"{&quot;item&quot;:{&quot;showCaptionTitle&quot;:true,&quot;showCaptionDescription&quot;:true},&quot;lazy&quot;:true}\" data-foogallery-lightbox=\"{&quot;thumbs&quot;:&quot;bottom&quot;,&quot;thumbsCaptions&quot;:false,&quot;thumbsBestFit&quot;:false,&quot;thumbsSmall&quot;:false,&quot;thumbsCaptionsAlign&quot;:&quot;default&quot;,&quot;info&quot;:&quot;bottom&quot;,&quot;infoVisible&quot;:true,&quot;infoOverlay&quot;:true,&quot;infoAlign&quot;:&quot;default&quot;,&quot;transition&quot;:&quot;fade&quot;,&quot;hoverButtons&quot;:false,&quot;fitMedia&quot;:false,&quot;noScrollbars&quot;:true,&quot;preserveButtonSpace&quot;:true,&quot;buttons&quot;:{&quot;fullscreen&quot;:true,&quot;info&quot;:true,&quot;thumbs&quot;:false},&quot;video&quot;:{&quot;autoPlay&quot;:true}}\" style=\"--fg-title-line-clamp: 1; --fg-description-line-clamp: 2;\" >\n\t<div class=\"fg-item fg-type-image fg-idle\"><figure class=\"fg-item-inner\"><a href=\"https:\/\/sonamines.cm\/wp-content\/uploads\/2026\/04\/assemblee-nationale-le-directeur-general-devant-la-commission-des-finances-et-du-budget-01.jpeg\" data-attachment-id=\"2210\" data-type=\"image\" class=\"fg-thumb\"><span class=\"fg-image-wrap\"><img fetchpriority=\"high\" decoding=\"async\" width=\"270\" height=\"230\" class=\"skip-lazy fg-image\" data-src-fg=\"https:\/\/sonamines.cm\/wp-content\/uploads\/cache\/2026\/04\/assemblee-nationale-le-directeur-general-devant-la-commission-des-finances-et-du-budget-01\/2604872992.jpeg\" src=\"data:image\/svg+xml,%3Csvg%20xmlns%3D%22http%3A%2F%2Fwww.w3.org%2F2000%2Fsvg%22%20width%3D%22270%22%20height%3D%22230%22%20viewBox%3D%220%200%20270%20230%22%3E%3C%2Fsvg%3E\" loading=\"eager\"><\/span><span class=\"fg-image-overlay\"><\/span><\/a><\/figure><div class=\"fg-loader\"><\/div><\/div><div class=\"fg-item fg-type-image fg-idle\"><figure class=\"fg-item-inner\"><a href=\"https:\/\/sonamines.cm\/wp-content\/uploads\/2026\/04\/assemblee-nationale-le-directeur-general-devant-la-commission-des-finances-et-du-budget-05.jpeg\" data-attachment-id=\"2209\" data-type=\"image\" class=\"fg-thumb\"><span class=\"fg-image-wrap\"><img decoding=\"async\" width=\"270\" height=\"230\" class=\"skip-lazy fg-image\" data-src-fg=\"https:\/\/sonamines.cm\/wp-content\/uploads\/cache\/2026\/04\/assemblee-nationale-le-directeur-general-devant-la-commission-des-finances-et-du-budget-05\/236671861.jpeg\" src=\"data:image\/svg+xml,%3Csvg%20xmlns%3D%22http%3A%2F%2Fwww.w3.org%2F2000%2Fsvg%22%20width%3D%22270%22%20height%3D%22230%22%20viewBox%3D%220%200%20270%20230%22%3E%3C%2Fsvg%3E\" loading=\"eager\"><\/span><span class=\"fg-image-overlay\"><\/span><\/a><\/figure><div class=\"fg-loader\"><\/div><\/div><div class=\"fg-item fg-type-image fg-idle\"><figure class=\"fg-item-inner\"><a href=\"https:\/\/sonamines.cm\/wp-content\/uploads\/2026\/04\/assemblee-nationale-le-directeur-general-devant-la-commission-des-finances-et-du-budget-04.jpeg\" data-attachment-id=\"2208\" data-type=\"image\" class=\"fg-thumb\"><span class=\"fg-image-wrap\"><img decoding=\"async\" width=\"270\" height=\"230\" class=\"skip-lazy fg-image\" data-src-fg=\"https:\/\/sonamines.cm\/wp-content\/uploads\/cache\/2026\/04\/assemblee-nationale-le-directeur-general-devant-la-commission-des-finances-et-du-budget-04\/225318904.jpeg\" src=\"data:image\/svg+xml,%3Csvg%20xmlns%3D%22http%3A%2F%2Fwww.w3.org%2F2000%2Fsvg%22%20width%3D%22270%22%20height%3D%22230%22%20viewBox%3D%220%200%20270%20230%22%3E%3C%2Fsvg%3E\" loading=\"eager\"><\/span><span class=\"fg-image-overlay\"><\/span><\/a><\/figure><div class=\"fg-loader\"><\/div><\/div><div class=\"fg-item fg-type-image fg-idle\"><figure class=\"fg-item-inner\"><a href=\"https:\/\/sonamines.cm\/wp-content\/uploads\/2026\/04\/assemblee-nationale-le-directeur-general-devant-la-commission-des-finances-et-du-budget-03.jpeg\" data-attachment-id=\"2207\" data-type=\"image\" class=\"fg-thumb\"><span class=\"fg-image-wrap\"><img decoding=\"async\" width=\"270\" height=\"230\" class=\"skip-lazy fg-image\" data-src-fg=\"https:\/\/sonamines.cm\/wp-content\/uploads\/cache\/2026\/04\/assemblee-nationale-le-directeur-general-devant-la-commission-des-finances-et-du-budget-03\/2773896747.jpeg\" src=\"data:image\/svg+xml,%3Csvg%20xmlns%3D%22http%3A%2F%2Fwww.w3.org%2F2000%2Fsvg%22%20width%3D%22270%22%20height%3D%22230%22%20viewBox%3D%220%200%20270%20230%22%3E%3C%2Fsvg%3E\" loading=\"eager\"><\/span><span class=\"fg-image-overlay\"><\/span><\/a><\/figure><div class=\"fg-loader\"><\/div><\/div><div class=\"fg-item fg-type-image fg-idle\"><figure class=\"fg-item-inner\"><a href=\"https:\/\/sonamines.cm\/wp-content\/uploads\/2026\/04\/assemblee-nationale-le-directeur-general-devant-la-commission-des-finances-et-du-budget-02.jpeg\" data-attachment-id=\"2206\" data-type=\"image\" class=\"fg-thumb\"><span class=\"fg-image-wrap\"><img decoding=\"async\" width=\"270\" height=\"230\" class=\"skip-lazy fg-image\" data-src-fg=\"https:\/\/sonamines.cm\/wp-content\/uploads\/cache\/2026\/04\/assemblee-nationale-le-directeur-general-devant-la-commission-des-finances-et-du-budget-02\/2787314342.jpeg\" src=\"data:image\/svg+xml,%3Csvg%20xmlns%3D%22http%3A%2F%2Fwww.w3.org%2F2000%2Fsvg%22%20width%3D%22270%22%20height%3D%22230%22%20viewBox%3D%220%200%20270%20230%22%3E%3C%2Fsvg%3E\" loading=\"eager\"><\/span><span class=\"fg-image-overlay\"><\/span><\/a><\/figure><div class=\"fg-loader\"><\/div><\/div><\/div>\n\n<p>Ce s\u00e9minaire organis\u00e9 par le Programme Sup\u00e9rieur de Sp\u00e9cialisation en Finances Publiques (PSSF), aura permis \u00e0 ladite Commission, \u00e0 travers la trentaine de questions pos\u00e9es, d\u2019avoir plus amples informations sur les projets de la SONAMINES S.A, la commercialisation de l\u2019or et les questions de tra\u00e7abilit\u00e9, le potentiel minier des zones anglophones, la prise de participation de l\u2019Etat dans les soci\u00e9t\u00e9s mini\u00e8res en phase d\u2019exploitation, le partage de production chiffres \u00e0 l\u2019appui, la gestion des populations impact\u00e9es par\u00a0 les activit\u00e9s mini\u00e8res, les ressources propres de la SONAMINES S.A, les cas des projets Cobalt Nickel de Lomi\u00e9 et diamant de Mobilong, le suivi des projets miniers, l\u2019exploitation artisanale et artisanale semi-m\u00e9canis\u00e9e de l\u2019or.<\/p>\n<p>Pendant pr\u00e8s de trois heures d\u2019horloge le Directeur G\u00e9n\u00e9ral de la SONAMINES S.A s\u2019est soumis \u00e0 cet exercice sans coup f\u00e9rir, \u00e9clairant ainsi de fort belle mani\u00e8re la lanterne des \u00e9lus du peuple qui par la voix de la Pr\u00e9sidente de la Commission, l\u2019Honorable AYAYI, l\u2019ont remerci\u00e9 pour s\u2019\u00eatre pli\u00e9 \u00e0 cet exercice qui vient donner une meilleure compr\u00e9hension du secteur minier et de ses r\u00e9alit\u00e9s, \u00e0 cette auguste instance qui s\u2019y frotte r\u00e9guli\u00e8rement.<\/p>","protected":false},"excerpt":{"rendered":"<p>C\u2019\u00e9tait \u00e0 l\u2019occasion du s\u00e9minaire de renforcement des capacit\u00e9s des Honorables D\u00e9put\u00e9s, membres de la Commission des Finances et du [&hellip;]<\/p>\n","protected":false},"author":3,"featured_media":2210,"comment_status":"open","ping_status":"open","sticky":false,"template":"","format":"standard","meta":{"_coblocks_attr":"","_coblocks_dimensions":"","_coblocks_responsive_height":"","_coblocks_accordion_ie_support":"","_uag_custom_page_level_css":"","footnotes":""},"categories":[1],"tags":[],"class_list":["post-2205","post","type-post","status-publish","format-standard","has-post-thumbnail","hentry","category-uncategorized"],"uagb_featured_image_src":{"full":["https:\/\/sonamines.cm\/wp-content\/uploads\/2026\/04\/assemblee-nationale-le-directeur-general-devant-la-commission-des-finances-et-du-budget-01.jpeg?v=1776762836",1080,719,false],"thumbnail":["https:\/\/sonamines.cm\/wp-content\/uploads\/2026\/04\/assemblee-nationale-le-directeur-general-devant-la-commission-des-finances-et-du-budget-01-150x150.jpeg?v=1776762836",150,150,true],"medium":["https:\/\/sonamines.cm\/wp-content\/uploads\/2026\/04\/assemblee-nationale-le-directeur-general-devant-la-commission-des-finances-et-du-budget-01-300x200.jpeg?v=1776762836",300,200,true],"medium_large":["https:\/\/sonamines.cm\/wp-content\/uploads\/2026\/04\/assemblee-nationale-le-directeur-general-devant-la-commission-des-finances-et-du-budget-01-768x511.jpeg?v=1776762836",640,426,true],"large":["https:\/\/sonamines.cm\/wp-content\/uploads\/2026\/04\/assemblee-nationale-le-directeur-general-devant-la-commission-des-finances-et-du-budget-01-1024x682.jpeg?v=1776762836",640,426,true],"1536x1536":["https:\/\/sonamines.cm\/wp-content\/uploads\/2026\/04\/assemblee-nationale-le-directeur-general-devant-la-commission-des-finances-et-du-budget-01.jpeg?v=1776762836",1080,719,false],"2048x2048":["https:\/\/sonamines.cm\/wp-content\/uploads\/2026\/04\/assemblee-nationale-le-directeur-general-devant-la-commission-des-finances-et-du-budget-01.jpeg?v=1776762836",1080,719,false],"trp-custom-language-flag":["https:\/\/sonamines.cm\/wp-content\/uploads\/2026\/04\/assemblee-nationale-le-directeur-general-devant-la-commission-des-finances-et-du-budget-01-18x12.jpeg?v=1776762836",18,12,true]},"uagb_author_info":{"display_name":"SANDIE Gilles","author_link":"https:\/\/sonamines.cm\/en\/author\/gillessandie\/"},"uagb_comment_info":0,"uagb_excerpt":"C\u2019\u00e9tait \u00e0 l\u2019occasion du s\u00e9minaire de renforcement des capacit\u00e9s des Honorables D\u00e9put\u00e9s, membres de la Commission des Finances et du [&hellip;]","_links":{"self":[{"href":"https:\/\/sonamines.cm\/en\/wp-json\/wp\/v2\/posts\/2205","targetHints":{"allow":["GET"]}}],"collection":[{"href":"https:\/\/sonamines.cm\/en\/wp-json\/wp\/v2\/posts"}],"about":[{"href":"https:\/\/sonamines.cm\/en\/wp-json\/wp\/v2\/types\/post"}],"author":[{"embeddable":true,"href":"https:\/\/sonamines.cm\/en\/wp-json\/wp\/v2\/users\/3"}],"replies":[{"embeddable":true,"href":"https:\/\/sonamines.cm\/en\/wp-json\/wp\/v2\/comments?post=2205"}],"version-history":[{"count":1,"href":"https:\/\/sonamines.cm\/en\/wp-json\/wp\/v2\/posts\/2205\/revisions"}],"predecessor-version":[{"id":2212,"href":"https:\/\/sonamines.cm\/en\/wp-json\/wp\/v2\/posts\/2205\/revisions\/2212"}],"wp:featuredmedia":[{"embeddable":true,"href":"https:\/\/sonamines.cm\/en\/wp-json\/wp\/v2\/media\/2210"}],"wp:attachment":[{"href":"https:\/\/sonamines.cm\/en\/wp-json\/wp\/v2\/media?parent=2205"}],"wp:term":[{"taxonomy":"category","embeddable":true,"href":"https:\/\/sonamines.cm\/en\/wp-json\/wp\/v2\/categories?post=2205"},{"taxonomy":"post_tag","embeddable":true,"href":"https:\/\/sonamines.cm\/en\/wp-json\/wp\/v2\/tags?post=2205"}],"curies":[{"name":"wp","href":"https:\/\/api.w.org\/{rel}","templated":true}]}}