{"id":2070,"date":"2025-11-20T12:21:49","date_gmt":"2025-11-20T12:21:49","guid":{"rendered":"https:\/\/sonamines.cm\/?p=2070"},"modified":"2025-11-20T12:21:49","modified_gmt":"2025-11-20T12:21:49","slug":"journee-internationale-des-droits-de-lenfant-la-sonamines-acteur-majeur-de-la-promotion-des-droits-de-lenfant","status":"publish","type":"post","link":"https:\/\/sonamines.cm\/en\/journee-internationale-des-droits-de-lenfant-la-sonamines-acteur-majeur-de-la-promotion-des-droits-de-lenfant\/","title":{"rendered":"World Children\u2019s Day:SONAMINES, a Key Player in Advocating for Children\u2019s Rights"},"content":{"rendered":"<p>With its new strategy rolled out since the beginning of 2025, SONAMINES was undoubtedly ahead of time, promoting children's rights through children themselves, thereby making them ambassadors to their peers in the fight against child labour in mines.<\/p>\n<p>For five years, SONAMINES has been working daily to ensure respect for children's rights in mining areas through awareness-raising activities and, above all, by listening to this target group<\/p>\n<p>The celebration of the World Children's Day this 20 November 2025, on the theme \u2018My Day, My Rights\u2019, is a perfect opportunity for SONAMINES to reiterate its commitment to promoting the rights of children in mining communities through outreach campaigns, direct discussions, schooling, contributions to improving school infrastructure and support for teachers.<strong> 20 Novembre 2025<\/strong>, sous le th\u00e8me <strong><em>\u00ab\u00a0Ma journ\u00e9e mes droits\u00a0\u00bb<\/em><\/strong><em>, <\/em>est un pr\u00e9texte tout trouv\u00e9 pour la SONAMINES, de r\u00e9it\u00e9rer son engagement \u00e0 promouvoir des droits des enfants des localit\u00e9s mini\u00e8res \u00e0 travers, des campagnes de proximit\u00e9, des \u00e9changes directs, la scolarisation, la contribution \u00e0 l\u2019am\u00e9lioration de l\u2019infrastructure scolaire, le soutien aux enseignants.<\/p>","protected":false},"excerpt":{"rendered":"<p>For five years, SONAMINES has been working daily to ensure respect for children's rights in mining areas through awareness-raising activities and, above all, by listening to this target group<\/p>","protected":false},"author":1,"featured_media":2071,"comment_status":"open","ping_status":"open","sticky":false,"template":"","format":"standard","meta":{"_coblocks_attr":"","_coblocks_dimensions":"","_coblocks_responsive_height":"","_coblocks_accordion_ie_support":"","_uag_custom_page_level_css":"","footnotes":""},"categories":[4],"tags":[18],"class_list":["post-2070","post","type-post","status-publish","format-standard","has-post-thumbnail","hentry","category-actualite","tag-operation-zero-enfant-dans-les-mines"],"uagb_featured_image_src":{"full":["https:\/\/sonamines.cm\/wp-content\/uploads\/2025\/11\/WhatsApp-Image-2025-11-20-at-10.39.50.jpeg?v=1763641291",762,1016,false],"thumbnail":["https:\/\/sonamines.cm\/wp-content\/uploads\/2025\/11\/WhatsApp-Image-2025-11-20-at-10.39.50-150x150.jpeg?v=1763641291",150,150,true],"medium":["https:\/\/sonamines.cm\/wp-content\/uploads\/2025\/11\/WhatsApp-Image-2025-11-20-at-10.39.50-225x300.jpeg?v=1763641291",225,300,true],"medium_large":["https:\/\/sonamines.cm\/wp-content\/uploads\/2025\/11\/WhatsApp-Image-2025-11-20-at-10.39.50.jpeg?v=1763641291",640,853,false],"large":["https:\/\/sonamines.cm\/wp-content\/uploads\/2025\/11\/WhatsApp-Image-2025-11-20-at-10.39.50.jpeg?v=1763641291",640,853,false],"1536x1536":["https:\/\/sonamines.cm\/wp-content\/uploads\/2025\/11\/WhatsApp-Image-2025-11-20-at-10.39.50.jpeg?v=1763641291",762,1016,false],"2048x2048":["https:\/\/sonamines.cm\/wp-content\/uploads\/2025\/11\/WhatsApp-Image-2025-11-20-at-10.39.50.jpeg?v=1763641291",762,1016,false],"trp-custom-language-flag":["https:\/\/sonamines.cm\/wp-content\/uploads\/2025\/11\/WhatsApp-Image-2025-11-20-at-10.39.50-9x12.jpeg?v=1763641291",9,12,true]},"uagb_author_info":{"display_name":"admin","author_link":"https:\/\/sonamines.cm\/en\/author\/lewatt23\/"},"uagb_comment_info":0,"uagb_excerpt":"Depuis cinq ans, la SONAMINES \u0153uvre au quotidien pour le respect des droits des enfants dans les zones mini\u00e8res, \u00e0 travers les activit\u00e9s de sensibilisation, et surtout d\u2019\u00e9coute de cette cible.","_links":{"self":[{"href":"https:\/\/sonamines.cm\/en\/wp-json\/wp\/v2\/posts\/2070","targetHints":{"allow":["GET"]}}],"collection":[{"href":"https:\/\/sonamines.cm\/en\/wp-json\/wp\/v2\/posts"}],"about":[{"href":"https:\/\/sonamines.cm\/en\/wp-json\/wp\/v2\/types\/post"}],"author":[{"embeddable":true,"href":"https:\/\/sonamines.cm\/en\/wp-json\/wp\/v2\/users\/1"}],"replies":[{"embeddable":true,"href":"https:\/\/sonamines.cm\/en\/wp-json\/wp\/v2\/comments?post=2070"}],"version-history":[{"count":1,"href":"https:\/\/sonamines.cm\/en\/wp-json\/wp\/v2\/posts\/2070\/revisions"}],"predecessor-version":[{"id":2072,"href":"https:\/\/sonamines.cm\/en\/wp-json\/wp\/v2\/posts\/2070\/revisions\/2072"}],"wp:featuredmedia":[{"embeddable":true,"href":"https:\/\/sonamines.cm\/en\/wp-json\/wp\/v2\/media\/2071"}],"wp:attachment":[{"href":"https:\/\/sonamines.cm\/en\/wp-json\/wp\/v2\/media?parent=2070"}],"wp:term":[{"taxonomy":"category","embeddable":true,"href":"https:\/\/sonamines.cm\/en\/wp-json\/wp\/v2\/categories?post=2070"},{"taxonomy":"post_tag","embeddable":true,"href":"https:\/\/sonamines.cm\/en\/wp-json\/wp\/v2\/tags?post=2070"}],"curies":[{"name":"wp","href":"https:\/\/api.w.org\/{rel}","templated":true}]}}