{"id":2020,"date":"2025-09-19T06:57:44","date_gmt":"2025-09-19T06:57:44","guid":{"rendered":"https:\/\/sonamines.cm\/?p=2020"},"modified":"2025-09-20T11:39:15","modified_gmt":"2025-09-20T11:39:15","slug":"operation-zero-enfant-dans-la-mine-la-cinquieme-edition-en-ligne-de-mire","status":"publish","type":"post","link":"https:\/\/sonamines.cm\/en\/operation-zero-enfant-dans-la-mine-la-cinquieme-edition-en-ligne-de-mire\/","title":{"rendered":"Op\u00e9ration Z\u00e9ro Enfant dans la Mine : La cinqui\u00e8me \u00e9dition en ligne de mire"},"content":{"rendered":"<p>Le ton a \u00e9t\u00e9 donn\u00e9 ce jeudi 18 Septembre 2025 par le Sous Prefet de l\u2019arrondissement de Betar\u00e9-Oya, Monsieur <strong>AMBA AMBA GUY<\/strong> descendu en personne dans des sites miniers pour une op\u00e9ration coup de poing contre le travail des enfants dans la mine.<\/p>\n<p>Une action forte de l\u2019autorit\u00e9 administrative qui vient pr\u00eater main forte \u00e0 la vaste campagne de sensibilisation men\u00e9e depuis cinq ans, par la Soci\u00e9t\u00e9 Nationale des Mines (SONAMINES), qui reste fid\u00e8le \u00e0 son engagement de contribuer \u00e0 construire un avenir meilleur pour les enfants des zones d\u2019exploitation mini\u00e8res dans la R\u00e9gion de l&#8217;Est.<\/p>\n<p>Cette ann\u00e9e encore, la caravane de la SONAMINES va s\u2019atteler \u00e0 mener une campagne de sensibilisation de proximit\u00e9 contre ce fl\u00e9au dans les localit\u00e9s de Batouri, Kett\u00e9, Colomine, Garoua Boulai et Betar\u00e9 Oya. L\u2019\u00e9dition 2025 de <strong>\u00ab\u00a0l\u2019Operation Z\u00e9ro Enfant dans la Mine\u00a0\u00bb<\/strong> qui s\u2019est ouverte en juin dernier dans le cadre de la c\u00e9l\u00e9bration de la journ\u00e9e de l\u2019Enfant africain, conna\u00eetra son point d\u2019orgue ce mois de Septembre, avec une strat\u00e9gie repens\u00e9e,\u00a0marqu\u00e9e par une pr\u00e9sence permanente sur le terrain tout le long de l\u2019ann\u00e9e, \u00e0 l\u2019effet de mener ce combat sans r\u00e9pit.<\/p>\n<p>C\u2019est dans cette perspective que l\u2019\u00e9dition 2025 va connaitre trois grands moments de sensibilisation de proximit\u00e9 avec les cibles. Le mois de Septembre jadis r\u00e9put\u00e9 pour la grande campagne de scolarisation c\u00e8dera la place \u00e0 une sensibilisation de proximit\u00e9 dans les \u00e9coles, avec un point d\u2019honneur sur le suivi et \u00e9valuation des dons dans les \u00e9coles b\u00e9n\u00e9ficiaires des dernieres \u00e9ditions coupl\u00e9 \u00e0 des remises de dons.<\/p>\n<p>Les mois de d\u00e9cembre et de f\u00e9vrier 2026 quant \u00e0 eux donneront le ton des journ\u00e9es de sensibilisation et d\u2019animation dans les \u00e9tablissements scolaires (une kermesse \u00e9ducative et comp\u00e9titive pour les enfants des \u00e9coles situ\u00e9es \u00e0 proximit\u00e9 des sites miniers).<\/p>\n<p>Place sera faite enfin \u00e0 la femme et la jeune fille au mois de Mars 2026, avec notamment une campagne sant\u00e9 ax\u00e9e sur les d\u00e9pistages des IST et la sensibilisation, dans l\u2019optique d\u2019am\u00e9liorer la sant\u00e9 des femmes, souvent confront\u00e9es \u00e0 des barri\u00e8res d&#8217;acc\u00e8s aux soins en milieu rural. Une autre innovation\u00a0: la formation des femmes et des jeunes filles de certaines localit\u00e9s pilotes.<\/p>\n<p>&nbsp;<\/p>\n<p>L\u2019objectif \u00e9tant de leur fournir des comp\u00e9tences concr\u00e8tes et imm\u00e9diatement applicables pour d\u00e9velopper des activit\u00e9s g\u00e9n\u00e9ratrices de revenus alternatifs, r\u00e9duisant ainsi la d\u00e9pendance des m\u00e9nages vis-\u00e0-vis des activit\u00e9s mini\u00e8res.<\/p>\n<p>Pour c\u00e9l\u00e9brer ce chemin parcouru, nous vous invitons \u00e0 revivre en image la derni\u00e8re \u00e9dition, t\u00e9moignant des moments forts, des sourires des enfants et de l&#8217;engagement de SONAMINES pour le bien-\u00eatre des communaut\u00e9s locales.<\/p>\n<p>&nbsp;<\/p>","protected":false},"excerpt":{"rendered":"<p>La caravane de sensibilisation, de scolarisation et d\u2019appui aux \u00e9tablissements maternels et primaires, sillonnera comme il est de tradition, la R\u00e9gion de l\u2019Est dans les prochains jours. <\/p>","protected":false},"author":1,"featured_media":2021,"comment_status":"closed","ping_status":"closed","sticky":false,"template":"","format":"standard","meta":{"_coblocks_attr":"","_coblocks_dimensions":"","_coblocks_responsive_height":"","_coblocks_accordion_ie_support":"","_uag_custom_page_level_css":"","footnotes":""},"categories":[4],"tags":[26,18],"class_list":["post-2020","post","type-post","status-publish","format-standard","has-post-thumbnail","hentry","category-actualite","tag-5e-edition-operation-zero-enfant-dans-les-mines-2025","tag-operation-zero-enfant-dans-les-mines"],"uagb_featured_image_src":{"full":["https:\/\/sonamines.cm\/wp-content\/uploads\/2025\/09\/BO2.jpg?v=1758265037",780,1040,false],"thumbnail":["https:\/\/sonamines.cm\/wp-content\/uploads\/2025\/09\/BO2-150x150.jpg?v=1758265037",150,150,true],"medium":["https:\/\/sonamines.cm\/wp-content\/uploads\/2025\/09\/BO2-225x300.jpg?v=1758265037",225,300,true],"medium_large":["https:\/\/sonamines.cm\/wp-content\/uploads\/2025\/09\/BO2-768x1024.jpg?v=1758265037",640,853,true],"large":["https:\/\/sonamines.cm\/wp-content\/uploads\/2025\/09\/BO2-768x1024.jpg?v=1758265037",640,853,true],"1536x1536":["https:\/\/sonamines.cm\/wp-content\/uploads\/2025\/09\/BO2.jpg?v=1758265037",780,1040,false],"2048x2048":["https:\/\/sonamines.cm\/wp-content\/uploads\/2025\/09\/BO2.jpg?v=1758265037",780,1040,false],"trp-custom-language-flag":["https:\/\/sonamines.cm\/wp-content\/uploads\/2025\/09\/BO2-9x12.jpg?v=1758265037",9,12,true]},"uagb_author_info":{"display_name":"admin","author_link":"https:\/\/sonamines.cm\/en\/author\/lewatt23\/"},"uagb_comment_info":0,"uagb_excerpt":"La caravane de sensibilisation, de scolarisation et d\u2019appui aux \u00e9tablissements maternels et primaires, sillonnera comme il est de tradition, la R\u00e9gion de l\u2019Est dans les prochains jours.","_links":{"self":[{"href":"https:\/\/sonamines.cm\/en\/wp-json\/wp\/v2\/posts\/2020","targetHints":{"allow":["GET"]}}],"collection":[{"href":"https:\/\/sonamines.cm\/en\/wp-json\/wp\/v2\/posts"}],"about":[{"href":"https:\/\/sonamines.cm\/en\/wp-json\/wp\/v2\/types\/post"}],"author":[{"embeddable":true,"href":"https:\/\/sonamines.cm\/en\/wp-json\/wp\/v2\/users\/1"}],"replies":[{"embeddable":true,"href":"https:\/\/sonamines.cm\/en\/wp-json\/wp\/v2\/comments?post=2020"}],"version-history":[{"count":3,"href":"https:\/\/sonamines.cm\/en\/wp-json\/wp\/v2\/posts\/2020\/revisions"}],"predecessor-version":[{"id":2041,"href":"https:\/\/sonamines.cm\/en\/wp-json\/wp\/v2\/posts\/2020\/revisions\/2041"}],"wp:featuredmedia":[{"embeddable":true,"href":"https:\/\/sonamines.cm\/en\/wp-json\/wp\/v2\/media\/2021"}],"wp:attachment":[{"href":"https:\/\/sonamines.cm\/en\/wp-json\/wp\/v2\/media?parent=2020"}],"wp:term":[{"taxonomy":"category","embeddable":true,"href":"https:\/\/sonamines.cm\/en\/wp-json\/wp\/v2\/categories?post=2020"},{"taxonomy":"post_tag","embeddable":true,"href":"https:\/\/sonamines.cm\/en\/wp-json\/wp\/v2\/tags?post=2020"}],"curies":[{"name":"wp","href":"https:\/\/api.w.org\/{rel}","templated":true}]}}