{"id":1990,"date":"2025-08-06T13:18:41","date_gmt":"2025-08-06T13:18:41","guid":{"rendered":"https:\/\/sonamines.cm\/?p=1990"},"modified":"2025-08-06T13:20:37","modified_gmt":"2025-08-06T13:20:37","slug":"operation-zero-enfant-dans-la-mine-ouverture-des-rideaux-de-la-cinquieme-edition","status":"publish","type":"post","link":"https:\/\/sonamines.cm\/en\/operation-zero-enfant-dans-la-mine-ouverture-des-rideaux-de-la-cinquieme-edition\/","title":{"rendered":"Op\u00e9ration Z\u00e9ro Enfant dans la mine :Ouverture des rideaux de la cinqui\u00e8me \u00e9dition"},"content":{"rendered":"<p><em>La<\/em><em> protection des droits des enfants dans<\/em><em> le cadre de la lutte contre le travail des enfants dans les zones d\u2019exploitation mini\u00e8re, \u00e9tait au c\u0153ur de la c\u00e9l\u00e9bration de la journ\u00e9e de l\u2019Enfant africain le 16 juin 2025 dans la localit\u00e9 de B\u00e9tare -Oya.<\/em><\/p>\n<p>C\u2019est dans sa nouvelle logique d\u2019\u00e9tendre les activit\u00e9s de ce projet tout le long de l\u2019ann\u00e9e que l\u2019\u00e9quipe de l\u2019Op\u00e9ration Z\u00e9ro Enfant dans la mine, s\u2019est d\u00e9ploy\u00e9e aux c\u00f4t\u00e9s du Minist\u00e8re des Affaires Sociales, au cours de la 35 i\u00e8me \u00e9dition de la journ\u00e9e de l\u2019Enfant africain dans la localit\u00e9 de Betar\u00e9 Oya, R\u00e9gion de l\u2019Est. La SONAMINES qui impl\u00e9mente progressivement ses nouvelles strat\u00e9gies de d\u00e9veloppement de ce vaste programme, a saisi l\u2019occasion de cette c\u00e9l\u00e9bration pour accentuer la sensibilisation sur les droits des enfants.<\/p>\n<p>Les festivit\u00e9s orchestr\u00e9es par le Centre Social de Betar\u00e9 Oya qui a mobilis\u00e9 les autorit\u00e9s administratives de la localit\u00e9, autour du th\u00e8me<strong><em> \u00ab Planification et budg\u00e9tisation des droits de l\u2019enfant\u00a0: Progr\u00e8s depuis 2010\u00a0\u00bb<\/em><\/strong><em>, ont <\/em>servi de tremplin \u00e0 la SONAMINES, pour jeter les jalons de l\u2019\u00e9dition 2025 et accentuer la sensibilisation dans cette zone d\u2019exploitation mini\u00e8re b\u00e9n\u00e9ficiaire de l\u2019Op\u00e9ration z\u00e9ro Enfant dans la mine. C\u2019est \u00e0 travers des activit\u00e9s sportives, ludiques et surtout la projection des courts m\u00e9trages sur l\u2019historique de l\u2019enfant africain ainsi que le travail des enfants dans la mine que la SONAMINES, a r\u00e9it\u00e9r\u00e9 le message des effets n\u00e9fastes de l\u2019activit\u00e9 mini\u00e8re sur la sant\u00e9 des enfants et la n\u00e9cessit\u00e9 de les r\u00e9ins\u00e9rer dans le syst\u00e8me \u00e9ducatif.<\/p>\n<p>Des activit\u00e9s tr\u00e8s appr\u00e9ci\u00e9es par les enfants eux-m\u00eames qui se sont engag\u00e9s \u00e0 relayer les informations re\u00e7ues aupr\u00e8s de leurs cong\u00e9n\u00e8res, au regard des cons\u00e9quences des diff\u00e9rents fl\u00e9aux d\u00e9cri\u00e9s et de l\u2019importance de l\u2019\u00e9cole pour garantir leur avenir.<\/p>\n<p>Ce partenariat entre le Minist\u00e8re des Affaires Sociales et la SONAMINES vise \u00e0 long terme le renforcement de la coordination op\u00e9rationnelle des activit\u00e9s de tous les acteurs engag\u00e9s dans la lutte contre le travail des enfants et leur protection dans la commune dans de B\u00e9tare -Oya.<\/p>\n\n<style type=\"text\/css\">\n#foogallery-gallery-1993 .fg-image { width: 150px; }\n#foogallery-gallery-1993 { --fg-gutter: 10px; }<\/style>\n\t\t\t<div class=\"foogallery foogallery-container foogallery-default foogallery-lightbox-foogallery fg-center fg-default fg-ready fg-light fg-border-thin fg-shadow-outline fg-loading-default fg-loaded-fade-in fg-caption-hover fg-hover-fade fg-hover-zoom\" id=\"foogallery-gallery-1993\" data-foogallery=\"{&quot;item&quot;:{&quot;showCaptionTitle&quot;:true,&quot;showCaptionDescription&quot;:true},&quot;lazy&quot;:true}\" data-foogallery-lightbox=\"{&quot;thumbs&quot;:&quot;bottom&quot;,&quot;thumbsCaptions&quot;:false,&quot;thumbsBestFit&quot;:false,&quot;thumbsSmall&quot;:false,&quot;thumbsCaptionsAlign&quot;:&quot;default&quot;,&quot;info&quot;:&quot;bottom&quot;,&quot;infoVisible&quot;:true,&quot;infoOverlay&quot;:true,&quot;infoAlign&quot;:&quot;default&quot;,&quot;transition&quot;:&quot;fade&quot;,&quot;hoverButtons&quot;:false,&quot;fitMedia&quot;:false,&quot;noScrollbars&quot;:true,&quot;preserveButtonSpace&quot;:true,&quot;buttons&quot;:{&quot;fullscreen&quot;:true,&quot;info&quot;:true,&quot;thumbs&quot;:false},&quot;video&quot;:{&quot;autoPlay&quot;:true}}\" style=\"--fg-title-line-clamp: 0; --fg-description-line-clamp: 0;\" >\n\t<div class=\"fg-item fg-type-image fg-idle\"><figure class=\"fg-item-inner\"><a href=\"https:\/\/sonamines.cm\/wp-content\/uploads\/2025\/08\/photo-1.jpg\" data-attachment-id=\"1994\" data-type=\"image\" class=\"fg-thumb\"><span class=\"fg-image-wrap\"><img decoding=\"async\" width=\"150\" height=\"150\" class=\"skip-lazy fg-image\" data-src-fg=\"https:\/\/sonamines.cm\/wp-content\/uploads\/cache\/2025\/08\/photo-1\/1448168535.jpg\" src=\"data:image\/svg+xml,%3Csvg%20xmlns%3D%22http%3A%2F%2Fwww.w3.org%2F2000%2Fsvg%22%20width%3D%22150%22%20height%3D%22150%22%20viewBox%3D%220%200%20150%20150%22%3E%3C%2Fsvg%3E\" loading=\"eager\"><\/span><span class=\"fg-image-overlay\"><\/span><\/a><\/figure><div class=\"fg-loader\"><\/div><\/div><div class=\"fg-item fg-type-image fg-idle\"><figure class=\"fg-item-inner\"><a href=\"https:\/\/sonamines.cm\/wp-content\/uploads\/2025\/08\/photo-2.jpg\" data-attachment-id=\"1995\" data-type=\"image\" class=\"fg-thumb\"><span class=\"fg-image-wrap\"><img decoding=\"async\" width=\"150\" height=\"150\" class=\"skip-lazy fg-image\" data-src-fg=\"https:\/\/sonamines.cm\/wp-content\/uploads\/cache\/2025\/08\/photo-2\/3060456742.jpg\" src=\"data:image\/svg+xml,%3Csvg%20xmlns%3D%22http%3A%2F%2Fwww.w3.org%2F2000%2Fsvg%22%20width%3D%22150%22%20height%3D%22150%22%20viewBox%3D%220%200%20150%20150%22%3E%3C%2Fsvg%3E\" loading=\"eager\"><\/span><span class=\"fg-image-overlay\"><\/span><\/a><\/figure><div class=\"fg-loader\"><\/div><\/div><div class=\"fg-item fg-type-image fg-idle\"><figure class=\"fg-item-inner\"><a href=\"https:\/\/sonamines.cm\/wp-content\/uploads\/2025\/08\/photo-3-1.jpg\" data-attachment-id=\"1996\" data-type=\"image\" class=\"fg-thumb\"><span class=\"fg-image-wrap\"><img decoding=\"async\" width=\"150\" height=\"150\" class=\"skip-lazy fg-image\" data-src-fg=\"https:\/\/sonamines.cm\/wp-content\/uploads\/cache\/2025\/08\/photo-3-1\/2063701915.jpg\" src=\"data:image\/svg+xml,%3Csvg%20xmlns%3D%22http%3A%2F%2Fwww.w3.org%2F2000%2Fsvg%22%20width%3D%22150%22%20height%3D%22150%22%20viewBox%3D%220%200%20150%20150%22%3E%3C%2Fsvg%3E\" loading=\"eager\"><\/span><span class=\"fg-image-overlay\"><\/span><\/a><\/figure><div class=\"fg-loader\"><\/div><\/div><div class=\"fg-item fg-type-image fg-idle\"><figure class=\"fg-item-inner\"><a href=\"https:\/\/sonamines.cm\/wp-content\/uploads\/2025\/08\/photo-4.jpg\" data-attachment-id=\"1997\" data-type=\"image\" class=\"fg-thumb\"><span class=\"fg-image-wrap\"><img decoding=\"async\" width=\"150\" height=\"150\" class=\"skip-lazy fg-image\" data-src-fg=\"https:\/\/sonamines.cm\/wp-content\/uploads\/cache\/2025\/08\/photo-4\/2909600133.jpg\" src=\"data:image\/svg+xml,%3Csvg%20xmlns%3D%22http%3A%2F%2Fwww.w3.org%2F2000%2Fsvg%22%20width%3D%22150%22%20height%3D%22150%22%20viewBox%3D%220%200%20150%20150%22%3E%3C%2Fsvg%3E\" loading=\"eager\"><\/span><span class=\"fg-image-overlay\"><\/span><\/a><\/figure><div class=\"fg-loader\"><\/div><\/div><\/div>","protected":false},"excerpt":{"rendered":"<p>La protection des droits des enfants dans le cadre de la lutte contre le travail des enfants dans les zones [&hellip;]<\/p>\n","protected":false},"author":1,"featured_media":1996,"comment_status":"open","ping_status":"open","sticky":false,"template":"","format":"standard","meta":{"_coblocks_attr":"","_coblocks_dimensions":"","_coblocks_responsive_height":"","_coblocks_accordion_ie_support":"","_uag_custom_page_level_css":"","footnotes":""},"categories":[3,4],"tags":[18],"class_list":["post-1990","post","type-post","status-publish","format-standard","has-post-thumbnail","hentry","category-activite","category-actualite","tag-operation-zero-enfant-dans-les-mines"],"uagb_featured_image_src":{"full":["https:\/\/sonamines.cm\/wp-content\/uploads\/2025\/08\/photo-3-1.jpg",992,744,false],"thumbnail":["https:\/\/sonamines.cm\/wp-content\/uploads\/2025\/08\/photo-3-1-150x150.jpg",150,150,true],"medium":["https:\/\/sonamines.cm\/wp-content\/uploads\/2025\/08\/photo-3-1-300x225.jpg",300,225,true],"medium_large":["https:\/\/sonamines.cm\/wp-content\/uploads\/2025\/08\/photo-3-1-768x576.jpg",640,480,true],"large":["https:\/\/sonamines.cm\/wp-content\/uploads\/2025\/08\/photo-3-1.jpg",640,480,false],"1536x1536":["https:\/\/sonamines.cm\/wp-content\/uploads\/2025\/08\/photo-3-1.jpg",992,744,false],"2048x2048":["https:\/\/sonamines.cm\/wp-content\/uploads\/2025\/08\/photo-3-1.jpg",992,744,false],"trp-custom-language-flag":["https:\/\/sonamines.cm\/wp-content\/uploads\/2025\/08\/photo-3-1-16x12.jpg",16,12,true]},"uagb_author_info":{"display_name":"admin","author_link":"https:\/\/sonamines.cm\/en\/author\/lewatt23\/"},"uagb_comment_info":0,"uagb_excerpt":"La protection des droits des enfants dans le cadre de la lutte contre le travail des enfants dans les zones [&hellip;]","_links":{"self":[{"href":"https:\/\/sonamines.cm\/en\/wp-json\/wp\/v2\/posts\/1990","targetHints":{"allow":["GET"]}}],"collection":[{"href":"https:\/\/sonamines.cm\/en\/wp-json\/wp\/v2\/posts"}],"about":[{"href":"https:\/\/sonamines.cm\/en\/wp-json\/wp\/v2\/types\/post"}],"author":[{"embeddable":true,"href":"https:\/\/sonamines.cm\/en\/wp-json\/wp\/v2\/users\/1"}],"replies":[{"embeddable":true,"href":"https:\/\/sonamines.cm\/en\/wp-json\/wp\/v2\/comments?post=1990"}],"version-history":[{"count":0,"href":"https:\/\/sonamines.cm\/en\/wp-json\/wp\/v2\/posts\/1990\/revisions"}],"wp:featuredmedia":[{"embeddable":true,"href":"https:\/\/sonamines.cm\/en\/wp-json\/wp\/v2\/media\/1996"}],"wp:attachment":[{"href":"https:\/\/sonamines.cm\/en\/wp-json\/wp\/v2\/media?parent=1990"}],"wp:term":[{"taxonomy":"category","embeddable":true,"href":"https:\/\/sonamines.cm\/en\/wp-json\/wp\/v2\/categories?post=1990"},{"taxonomy":"post_tag","embeddable":true,"href":"https:\/\/sonamines.cm\/en\/wp-json\/wp\/v2\/tags?post=1990"}],"curies":[{"name":"wp","href":"https:\/\/api.w.org\/{rel}","templated":true}]}}