{"id":1938,"date":"2025-03-19T14:33:29","date_gmt":"2025-03-19T14:33:29","guid":{"rendered":"https:\/\/sonamines.cm\/?p=1938"},"modified":"2025-03-19T14:34:10","modified_gmt":"2025-03-19T14:34:10","slug":"journee-internationale-de-la-femme-le-personnel-feminin-de-la-sonamines-celebre","status":"publish","type":"post","link":"https:\/\/sonamines.cm\/en\/journee-internationale-de-la-femme-le-personnel-feminin-de-la-sonamines-celebre\/","title":{"rendered":"Journ\u00e9e Internationale de la Femme : le personnel f\u00e9minin de la SONAMINES c\u00e9l\u00e9br\u00e9"},"content":{"rendered":"<p><em>Apr\u00e8s une semaine d\u2019intenses activit\u00e9s, les festivit\u00e9s marquant l\u2019apoth\u00e9ose de cette c\u00e9l\u00e9bration se sont d\u00e9roul\u00e9es le 8 mars 2025 \u00e0 l\u2019immeuble si\u00e8ge de l\u2019entreprise en pr\u00e9sence du Directeur G\u00e9n\u00e9ral. \u00a0\u00a0<\/em><\/p>\n<p><em>\u00a0\u00a0\u00a0\u00a0\u00a0\u00a0\u00a0\u00a0\u00a0 <\/em><em>\u00ab\u00a0Je suis un patron fier de son personnel f\u00e9minin\u00a0\u00bb. <\/em>\u00a0C\u2019est par ces mots que Serge Herv\u00e9 BOYOGUENO a donn\u00e9 le la des festivit\u00e9s du 8 mars au sein de son entreprise. Entre sons et couleurs, le manager a profit\u00e9 de l\u2019occasion pour remobiliser ses troupes en exaltant les performances et comp\u00e9tences de son personnel f\u00e9minin, saluant au passage l\u2019ensemble des activit\u00e9s qui ont donn\u00e9 un cachet honorable \u00e0 la 40<sup>th<\/sup> \u00e9dition de la Journ\u00e9e Internationale de la Femme, une 4<sup>eme <\/sup>pour la SONAMINES.<\/p>\n<p>Une semaine bien remplie pour les Amazones qui ont donn\u00e9 le ton de la c\u00e9l\u00e9bration au travers d\u2019une visite d\u2019entreprise dans les carri\u00e8res de l\u2019entreprise <strong><em>\u00ab\u00a0Vaste Sarl\u00a0\u00bb, <\/em><\/strong>pour toucher du doigt l\u2019activit\u00e9 de carri\u00e8re. Elles se sont par la suite rendues \u00e0 l\u2019orphelinat Sainte Th\u00e9r\u00e8se des s\u0153urs missionnaires de la r\u00e9surrection d\u2019Obili, o\u00f9 elles ont communi\u00e9 avec plus de 40 enfants pensionnaires qui se sont d\u00e9ploy\u00e9s \u00e0 travers chants et danse en guise de gratitude aux pr\u00e9sents apport\u00e9s par ces \u00e2mes de bonne volont\u00e9. Les dames de la SONAMINES sont venues les mains charg\u00e9es de denr\u00e9es alimentaires, literie, lessive et bien d\u2019autres produits pour soulager le quotidien de cette couche vuln\u00e9rable. \u00a0Le personnel de la SONAMINES s\u2019est enfin recr\u00e9e autour d\u2019une marche sportive avant l\u2019apoth\u00e9ose du jour dit.<\/p>\n<style type=\"text\/css\">\n#foogallery-gallery-1950 .fg-image { width: 150px; }\n#foogallery-gallery-1950 { --fg-gutter: 10px; }<\/style>\n\t\t\t<div class=\"foogallery foogallery-container foogallery-default foogallery-lightbox-foogallery fg-center fg-default fg-ready fg-light fg-border-thin fg-shadow-outline fg-loading-default fg-loaded-fade-in fg-caption-hover fg-hover-fade fg-hover-zoom\" id=\"foogallery-gallery-1950\" data-foogallery=\"{&quot;item&quot;:{&quot;showCaptionTitle&quot;:true,&quot;showCaptionDescription&quot;:true},&quot;lazy&quot;:true}\" data-foogallery-lightbox=\"{&quot;thumbs&quot;:&quot;bottom&quot;,&quot;thumbsCaptions&quot;:false,&quot;thumbsBestFit&quot;:false,&quot;thumbsSmall&quot;:false,&quot;thumbsCaptionsAlign&quot;:&quot;default&quot;,&quot;info&quot;:&quot;bottom&quot;,&quot;infoVisible&quot;:true,&quot;infoOverlay&quot;:true,&quot;infoAlign&quot;:&quot;default&quot;,&quot;transition&quot;:&quot;fade&quot;,&quot;hoverButtons&quot;:false,&quot;fitMedia&quot;:false,&quot;noScrollbars&quot;:true,&quot;preserveButtonSpace&quot;:true,&quot;buttons&quot;:{&quot;fullscreen&quot;:true,&quot;info&quot;:true,&quot;thumbs&quot;:false},&quot;video&quot;:{&quot;autoPlay&quot;:true}}\" style=\"--fg-title-line-clamp: 0; --fg-description-line-clamp: 0;\" >\n\t<div class=\"fg-item fg-type-image fg-idle\"><figure class=\"fg-item-inner\"><a href=\"https:\/\/sonamines.cm\/wp-content\/uploads\/2025\/03\/journee-internationale-de-la-femme-le-personnel-feminin-de-la-sonamines-celebre-03.jpg\" data-attachment-id=\"1939\" data-type=\"image\" class=\"fg-thumb\"><span class=\"fg-image-wrap\"><img decoding=\"async\" width=\"150\" height=\"150\" class=\"skip-lazy fg-image\" data-src-fg=\"https:\/\/sonamines.cm\/wp-content\/uploads\/cache\/2025\/03\/journee-internationale-de-la-femme-le-personnel-feminin-de-la-sonamines-celebre-03\/3609130426.jpg\" src=\"data:image\/svg+xml,%3Csvg%20xmlns%3D%22http%3A%2F%2Fwww.w3.org%2F2000%2Fsvg%22%20width%3D%22150%22%20height%3D%22150%22%20viewBox%3D%220%200%20150%20150%22%3E%3C%2Fsvg%3E\" loading=\"eager\"><\/span><span class=\"fg-image-overlay\"><\/span><\/a><\/figure><div class=\"fg-loader\"><\/div><\/div><div class=\"fg-item fg-type-image fg-idle\"><figure class=\"fg-item-inner\"><a href=\"https:\/\/sonamines.cm\/wp-content\/uploads\/2025\/03\/journee-internationale-de-la-femme-le-personnel-feminin-de-la-sonamines-celebre-07.jpg\" data-attachment-id=\"1946\" data-type=\"image\" class=\"fg-thumb\"><span class=\"fg-image-wrap\"><img decoding=\"async\" width=\"150\" height=\"150\" class=\"skip-lazy fg-image\" data-src-fg=\"https:\/\/sonamines.cm\/wp-content\/uploads\/cache\/2025\/03\/journee-internationale-de-la-femme-le-personnel-feminin-de-la-sonamines-celebre-07\/3397079160.jpg\" src=\"data:image\/svg+xml,%3Csvg%20xmlns%3D%22http%3A%2F%2Fwww.w3.org%2F2000%2Fsvg%22%20width%3D%22150%22%20height%3D%22150%22%20viewBox%3D%220%200%20150%20150%22%3E%3C%2Fsvg%3E\" loading=\"eager\"><\/span><span class=\"fg-image-overlay\"><\/span><\/a><\/figure><div class=\"fg-loader\"><\/div><\/div><div class=\"fg-item fg-type-image fg-idle\"><figure class=\"fg-item-inner\"><a href=\"https:\/\/sonamines.cm\/wp-content\/uploads\/2025\/03\/journee-internationale-de-la-femme-le-personnel-feminin-de-la-sonamines-celebre-02.jpg\" data-attachment-id=\"1945\" data-type=\"image\" class=\"fg-thumb\"><span class=\"fg-image-wrap\"><img decoding=\"async\" width=\"150\" height=\"150\" class=\"skip-lazy fg-image\" data-src-fg=\"https:\/\/sonamines.cm\/wp-content\/uploads\/cache\/2025\/03\/journee-internationale-de-la-femme-le-personnel-feminin-de-la-sonamines-celebre-02\/390867384.jpg\" src=\"data:image\/svg+xml,%3Csvg%20xmlns%3D%22http%3A%2F%2Fwww.w3.org%2F2000%2Fsvg%22%20width%3D%22150%22%20height%3D%22150%22%20viewBox%3D%220%200%20150%20150%22%3E%3C%2Fsvg%3E\" loading=\"eager\"><\/span><span class=\"fg-image-overlay\"><\/span><\/a><\/figure><div class=\"fg-loader\"><\/div><\/div><div class=\"fg-item fg-type-image fg-idle\"><figure class=\"fg-item-inner\"><a href=\"https:\/\/sonamines.cm\/wp-content\/uploads\/2025\/03\/journee-internationale-de-la-femme-le-personnel-feminin-de-la-sonamines-celebre-01.jpg\" data-attachment-id=\"1944\" data-type=\"image\" class=\"fg-thumb\"><span class=\"fg-image-wrap\"><img decoding=\"async\" width=\"150\" height=\"150\" class=\"skip-lazy fg-image\" data-src-fg=\"https:\/\/sonamines.cm\/wp-content\/uploads\/cache\/2025\/03\/journee-internationale-de-la-femme-le-personnel-feminin-de-la-sonamines-celebre-01\/1549729528.jpg\" src=\"data:image\/svg+xml,%3Csvg%20xmlns%3D%22http%3A%2F%2Fwww.w3.org%2F2000%2Fsvg%22%20width%3D%22150%22%20height%3D%22150%22%20viewBox%3D%220%200%20150%20150%22%3E%3C%2Fsvg%3E\" loading=\"eager\"><\/span><span class=\"fg-image-overlay\"><\/span><\/a><\/figure><div class=\"fg-loader\"><\/div><\/div><div class=\"fg-item fg-type-image fg-idle\"><figure class=\"fg-item-inner\"><a href=\"https:\/\/sonamines.cm\/wp-content\/uploads\/2025\/03\/journee-internationale-de-la-femme-le-personnel-feminin-de-la-sonamines-celebre-08.jpg\" data-attachment-id=\"1943\" data-type=\"image\" class=\"fg-thumb\"><span class=\"fg-image-wrap\"><img decoding=\"async\" width=\"150\" height=\"150\" class=\"skip-lazy fg-image\" data-src-fg=\"https:\/\/sonamines.cm\/wp-content\/uploads\/cache\/2025\/03\/journee-internationale-de-la-femme-le-personnel-feminin-de-la-sonamines-celebre-08\/1985207417.jpg\" src=\"data:image\/svg+xml,%3Csvg%20xmlns%3D%22http%3A%2F%2Fwww.w3.org%2F2000%2Fsvg%22%20width%3D%22150%22%20height%3D%22150%22%20viewBox%3D%220%200%20150%20150%22%3E%3C%2Fsvg%3E\" loading=\"eager\"><\/span><span class=\"fg-image-overlay\"><\/span><\/a><\/figure><div class=\"fg-loader\"><\/div><\/div><div class=\"fg-item fg-type-image fg-idle\"><figure class=\"fg-item-inner\"><a href=\"https:\/\/sonamines.cm\/wp-content\/uploads\/2025\/03\/journee-internationale-de-la-femme-le-personnel-feminin-de-la-sonamines-celebre-06.jpg\" data-attachment-id=\"1942\" data-type=\"image\" class=\"fg-thumb\"><span class=\"fg-image-wrap\"><img decoding=\"async\" width=\"150\" height=\"150\" class=\"skip-lazy fg-image\" data-src-fg=\"https:\/\/sonamines.cm\/wp-content\/uploads\/cache\/2025\/03\/journee-internationale-de-la-femme-le-personnel-feminin-de-la-sonamines-celebre-06\/2789482216.jpg\" src=\"data:image\/svg+xml,%3Csvg%20xmlns%3D%22http%3A%2F%2Fwww.w3.org%2F2000%2Fsvg%22%20width%3D%22150%22%20height%3D%22150%22%20viewBox%3D%220%200%20150%20150%22%3E%3C%2Fsvg%3E\" loading=\"eager\"><\/span><span class=\"fg-image-overlay\"><\/span><\/a><\/figure><div class=\"fg-loader\"><\/div><\/div><div class=\"fg-item fg-type-image fg-idle\"><figure class=\"fg-item-inner\"><a href=\"https:\/\/sonamines.cm\/wp-content\/uploads\/2025\/03\/journee-internationale-de-la-femme-le-personnel-feminin-de-la-sonamines-celebre-05-e1742394712464.jpg\" data-attachment-id=\"1941\" data-type=\"image\" class=\"fg-thumb\"><span class=\"fg-image-wrap\"><img decoding=\"async\" width=\"150\" height=\"150\" class=\"skip-lazy fg-image\" data-src-fg=\"https:\/\/sonamines.cm\/wp-content\/uploads\/cache\/2025\/03\/journee-internationale-de-la-femme-le-personnel-feminin-de-la-sonamines-celebre-05-e1742394712464\/2995913162.jpg\" src=\"data:image\/svg+xml,%3Csvg%20xmlns%3D%22http%3A%2F%2Fwww.w3.org%2F2000%2Fsvg%22%20width%3D%22150%22%20height%3D%22150%22%20viewBox%3D%220%200%20150%20150%22%3E%3C%2Fsvg%3E\" loading=\"eager\"><\/span><span class=\"fg-image-overlay\"><\/span><\/a><\/figure><div class=\"fg-loader\"><\/div><\/div><div class=\"fg-item fg-type-image fg-idle\"><figure class=\"fg-item-inner\"><a href=\"https:\/\/sonamines.cm\/wp-content\/uploads\/2025\/03\/journee-internationale-de-la-femme-le-personnel-feminin-de-la-sonamines-celebre-04.jpg\" data-attachment-id=\"1940\" data-type=\"image\" class=\"fg-thumb\"><span class=\"fg-image-wrap\"><img decoding=\"async\" width=\"150\" height=\"150\" class=\"skip-lazy fg-image\" data-src-fg=\"https:\/\/sonamines.cm\/wp-content\/uploads\/cache\/2025\/03\/journee-internationale-de-la-femme-le-personnel-feminin-de-la-sonamines-celebre-04\/3022765714.jpg\" src=\"data:image\/svg+xml,%3Csvg%20xmlns%3D%22http%3A%2F%2Fwww.w3.org%2F2000%2Fsvg%22%20width%3D%22150%22%20height%3D%22150%22%20viewBox%3D%220%200%20150%20150%22%3E%3C%2Fsvg%3E\" loading=\"eager\"><\/span><span class=\"fg-image-overlay\"><\/span><\/a><\/figure><div class=\"fg-loader\"><\/div><\/div><\/div>\n\n<p>Au-del\u00e0 de sa dimension festive, cette \u00e9dition a permis au top management d\u2019\u00eatre \u00e0 l\u2019\u00e9coute des femmes de la SONAMINES qui ont exprim\u00e9 leur gratitude pour les bonnes conditions de travail, les droits respect\u00e9s, les moyens mobilis\u00e9s et surtout les politiques d\u2019approche genre pour leur \u00e9panouissement au sein de l\u2019entreprise. Elles se sont ainsi engag\u00e9es par la voix de la coordonnatrice, <strong>Louise Ndoumbe<\/strong>, Chef de D\u00e9partement des Affaires G\u00e9n\u00e9rales, \u00e0 maintenir leur engagement, ainsi que leur ardeur au travail pour contribuer au d\u00e9veloppement de la SONAMINES.<\/p>","protected":false},"excerpt":{"rendered":"<p>Apr\u00e8s une semaine d\u2019intenses activit\u00e9s, les festivit\u00e9s marquant l\u2019apoth\u00e9ose de cette c\u00e9l\u00e9bration se sont d\u00e9roul\u00e9es le 8 mars 2025 \u00e0 [&hellip;]<\/p>\n","protected":false},"author":3,"featured_media":1941,"comment_status":"closed","ping_status":"closed","sticky":false,"template":"","format":"standard","meta":{"_coblocks_attr":"","_coblocks_dimensions":"","_coblocks_responsive_height":"","_coblocks_accordion_ie_support":"","_uag_custom_page_level_css":"","footnotes":""},"categories":[4],"tags":[],"class_list":["post-1938","post","type-post","status-publish","format-standard","has-post-thumbnail","hentry","category-actualite"],"uagb_featured_image_src":{"full":["https:\/\/sonamines.cm\/wp-content\/uploads\/2025\/03\/journee-internationale-de-la-femme-le-personnel-feminin-de-la-sonamines-celebre-05-e1742394712464.jpg?v=1742394108",499,384,false],"thumbnail":["https:\/\/sonamines.cm\/wp-content\/uploads\/2025\/03\/journee-internationale-de-la-femme-le-personnel-feminin-de-la-sonamines-celebre-05-e1742394712464-150x150.jpg?v=1742394108",150,150,true],"medium":["https:\/\/sonamines.cm\/wp-content\/uploads\/2025\/03\/journee-internationale-de-la-femme-le-personnel-feminin-de-la-sonamines-celebre-05-e1742394712464-300x231.jpg?v=1742394108",300,231,true],"medium_large":["https:\/\/sonamines.cm\/wp-content\/uploads\/2025\/03\/journee-internationale-de-la-femme-le-personnel-feminin-de-la-sonamines-celebre-05-768x346.jpg?v=1742394108",640,288,true],"large":["https:\/\/sonamines.cm\/wp-content\/uploads\/2025\/03\/journee-internationale-de-la-femme-le-personnel-feminin-de-la-sonamines-celebre-05-e1742394712464.jpg?v=1742394108",499,384,false],"1536x1536":["https:\/\/sonamines.cm\/wp-content\/uploads\/2025\/03\/journee-internationale-de-la-femme-le-personnel-feminin-de-la-sonamines-celebre-05-e1742394712464.jpg?v=1742394108",499,384,false],"2048x2048":["https:\/\/sonamines.cm\/wp-content\/uploads\/2025\/03\/journee-internationale-de-la-femme-le-personnel-feminin-de-la-sonamines-celebre-05-e1742394712464.jpg?v=1742394108",499,384,false],"trp-custom-language-flag":["https:\/\/sonamines.cm\/wp-content\/uploads\/2025\/03\/journee-internationale-de-la-femme-le-personnel-feminin-de-la-sonamines-celebre-05-e1742394712464-16x12.jpg?v=1742394108",16,12,true]},"uagb_author_info":{"display_name":"SANDIE Gilles","author_link":"https:\/\/sonamines.cm\/en\/author\/gillessandie\/"},"uagb_comment_info":0,"uagb_excerpt":"Apr\u00e8s une semaine d\u2019intenses activit\u00e9s, les festivit\u00e9s marquant l\u2019apoth\u00e9ose de cette c\u00e9l\u00e9bration se sont d\u00e9roul\u00e9es le 8 mars 2025 \u00e0 [&hellip;]","_links":{"self":[{"href":"https:\/\/sonamines.cm\/en\/wp-json\/wp\/v2\/posts\/1938","targetHints":{"allow":["GET"]}}],"collection":[{"href":"https:\/\/sonamines.cm\/en\/wp-json\/wp\/v2\/posts"}],"about":[{"href":"https:\/\/sonamines.cm\/en\/wp-json\/wp\/v2\/types\/post"}],"author":[{"embeddable":true,"href":"https:\/\/sonamines.cm\/en\/wp-json\/wp\/v2\/users\/3"}],"replies":[{"embeddable":true,"href":"https:\/\/sonamines.cm\/en\/wp-json\/wp\/v2\/comments?post=1938"}],"version-history":[{"count":0,"href":"https:\/\/sonamines.cm\/en\/wp-json\/wp\/v2\/posts\/1938\/revisions"}],"wp:featuredmedia":[{"embeddable":true,"href":"https:\/\/sonamines.cm\/en\/wp-json\/wp\/v2\/media\/1941"}],"wp:attachment":[{"href":"https:\/\/sonamines.cm\/en\/wp-json\/wp\/v2\/media?parent=1938"}],"wp:term":[{"taxonomy":"category","embeddable":true,"href":"https:\/\/sonamines.cm\/en\/wp-json\/wp\/v2\/categories?post=1938"},{"taxonomy":"post_tag","embeddable":true,"href":"https:\/\/sonamines.cm\/en\/wp-json\/wp\/v2\/tags?post=1938"}],"curies":[{"name":"wp","href":"https:\/\/api.w.org\/{rel}","templated":true}]}}