{"id":1918,"date":"2025-03-03T15:47:13","date_gmt":"2025-03-03T15:47:13","guid":{"rendered":"https:\/\/sonamines.cm\/?p=1918"},"modified":"2025-03-03T19:06:35","modified_gmt":"2025-03-03T19:06:35","slug":"commercialisation-des-substances-precieuses-la-sonamines-se-concerte-avec-les-acteurs-de-la-chaine","status":"publish","type":"post","link":"https:\/\/sonamines.cm\/en\/commercialisation-des-substances-precieuses-la-sonamines-se-concerte-avec-les-acteurs-de-la-chaine\/","title":{"rendered":"Commercialisation des substances pr\u00e9cieuses et semi-pr\u00e9cieuses: La SONAMINES se concerte avec les acteurs de la chaine"},"content":{"rendered":"<p><em>C\u2019\u00e9tait au cours d\u2019une r\u00e9union <\/em><em>qui s\u2019est tenue,<\/em> <em>le<strong> mercredi 26 f\u00e9vrier 2025 <\/strong>\u00e0 <strong>10 heures pr\u00e9cises<\/strong>,<\/em><em> au si\u00e8ge de la SONAMINES.<\/em><\/p>\n<p>\u00ab\u00a0<em>Le potentiel minier de notre pays est ind\u00e9niable, et il est de notre responsabilit\u00e9 collective de veiller \u00e0 ce que son exploitation se fasse de mani\u00e8re transparente, \u00e9quitable et durable. Pour y parvenir, il est imp\u00e9ratif de mettre en place un cadre harmonis\u00e9, qui garantisse la tra\u00e7abilit\u00e9 des transactions, la lutte contre la fraude et la maximisation des recettes pour l&#8217;\u00c9tat<\/em>\u00a0\u00bb. C\u2019est par ces propos que Serges Herv\u00e9 BOYOGUENO, a ouvert la r\u00e9union qu\u2019il pr\u00e9sidait dans le cadre de la vulgarisation du nouveau cadre juridique en mati\u00e8re de commercialisation des substances pr\u00e9cieuses et semi pr\u00e9cieuses au Cameroun. Les travaux qui ont r\u00e9uni autour de la table les repr\u00e9sentants des administrations et organismes publics, avaient pour objectif, d\u2019harmoniser la compr\u00e9hension du nouveau cadre l\u00e9gal et r\u00e9glementaire en mati\u00e8re de vente, d\u2019achat, de transit et d\u2019exportation des substances pr\u00e9cieuses et semi-pr\u00e9cieuses, en vue de cr\u00e9er une synergie d\u2019actions ainsi qu\u2019une plate-forme de collaboration entre les diff\u00e9rentes parties prenantes.<\/p>\n<p>Plus de deux heures de travaux et d\u2019\u00e9changes, avec ces acteurs pour garantir \u00e0 l\u2019avenir une certaine tra\u00e7abilit\u00e9 des op\u00e9rations effectu\u00e9es, \u00e0 l\u2019effet de ma\u00eetriser en fin de compte, les circuits de commercialisation et dynamiser par la m\u00eame occasion, la contribution de la fili\u00e8re aurif\u00e8re dans l&#8217;\u00e9conomie\u00a0nationale. Au menu de cette concertation strat\u00e9gique, la pr\u00e9sentation du nouveau cadre l\u00e9gal et r\u00e8glementaire et les interventions des participants relativement \u00e0 leurs domaines de comp\u00e9tences respectifs en la mati\u00e8re.<\/p>\n<style type=\"text\/css\">\n#foogallery-gallery-1920 .fg-image { width: 150px; }\n#foogallery-gallery-1920 { --fg-gutter: 10px; }<\/style>\n\t\t\t<div class=\"foogallery foogallery-container foogallery-default foogallery-lightbox-foogallery fg-center fg-default fg-ready fg-light fg-border-thin fg-shadow-outline fg-loading-default fg-loaded-fade-in fg-caption-hover fg-hover-fade fg-hover-zoom\" id=\"foogallery-gallery-1920\" data-foogallery=\"{&quot;item&quot;:{&quot;showCaptionTitle&quot;:true,&quot;showCaptionDescription&quot;:true},&quot;lazy&quot;:true}\" data-foogallery-lightbox=\"{&quot;thumbs&quot;:&quot;bottom&quot;,&quot;thumbsCaptions&quot;:false,&quot;thumbsBestFit&quot;:false,&quot;thumbsSmall&quot;:false,&quot;thumbsCaptionsAlign&quot;:&quot;default&quot;,&quot;info&quot;:&quot;bottom&quot;,&quot;infoVisible&quot;:true,&quot;infoOverlay&quot;:true,&quot;infoAlign&quot;:&quot;default&quot;,&quot;transition&quot;:&quot;fade&quot;,&quot;hoverButtons&quot;:false,&quot;fitMedia&quot;:false,&quot;noScrollbars&quot;:true,&quot;preserveButtonSpace&quot;:true,&quot;buttons&quot;:{&quot;fullscreen&quot;:true,&quot;info&quot;:true,&quot;thumbs&quot;:false},&quot;video&quot;:{&quot;autoPlay&quot;:true}}\" style=\"--fg-title-line-clamp: 0; --fg-description-line-clamp: 0;\" >\n\t<div class=\"fg-item fg-type-image fg-idle\"><figure class=\"fg-item-inner\"><a href=\"https:\/\/sonamines.cm\/wp-content\/uploads\/2025\/03\/commercialisation-des-minerais-la-sonamines-se-concerte-avec-les-acteurs-de-la-chaine-01.jpg\" data-attachment-id=\"1925\" data-type=\"image\" class=\"fg-thumb\"><span class=\"fg-image-wrap\"><img decoding=\"async\" width=\"150\" height=\"150\" class=\"skip-lazy fg-image\" data-src-fg=\"https:\/\/sonamines.cm\/wp-content\/uploads\/cache\/2025\/03\/commercialisation-des-minerais-la-sonamines-se-concerte-avec-les-acteurs-de-la-chaine-01\/2961101088.jpg\" src=\"data:image\/svg+xml,%3Csvg%20xmlns%3D%22http%3A%2F%2Fwww.w3.org%2F2000%2Fsvg%22%20width%3D%22150%22%20height%3D%22150%22%20viewBox%3D%220%200%20150%20150%22%3E%3C%2Fsvg%3E\" loading=\"eager\"><\/span><span class=\"fg-image-overlay\"><\/span><\/a><\/figure><div class=\"fg-loader\"><\/div><\/div><div class=\"fg-item fg-type-image fg-idle\"><figure class=\"fg-item-inner\"><a href=\"https:\/\/sonamines.cm\/wp-content\/uploads\/2025\/03\/commercialisation-des-minerais-la-sonamines-se-concerte-avec-les-acteurs-de-la-chaine-03.jpg\" data-attachment-id=\"1923\" data-type=\"image\" class=\"fg-thumb\"><span class=\"fg-image-wrap\"><img decoding=\"async\" width=\"150\" height=\"150\" class=\"skip-lazy fg-image\" data-src-fg=\"https:\/\/sonamines.cm\/wp-content\/uploads\/cache\/2025\/03\/commercialisation-des-minerais-la-sonamines-se-concerte-avec-les-acteurs-de-la-chaine-03\/996407332.jpg\" src=\"data:image\/svg+xml,%3Csvg%20xmlns%3D%22http%3A%2F%2Fwww.w3.org%2F2000%2Fsvg%22%20width%3D%22150%22%20height%3D%22150%22%20viewBox%3D%220%200%20150%20150%22%3E%3C%2Fsvg%3E\" loading=\"eager\"><\/span><span class=\"fg-image-overlay\"><\/span><\/a><\/figure><div class=\"fg-loader\"><\/div><\/div><div class=\"fg-item fg-type-image fg-idle\"><figure class=\"fg-item-inner\"><a href=\"https:\/\/sonamines.cm\/wp-content\/uploads\/2025\/03\/commercialisation-des-minerais-la-sonamines-se-concerte-avec-les-acteurs-de-la-chaine-04.jpg\" data-attachment-id=\"1924\" data-type=\"image\" class=\"fg-thumb\"><span class=\"fg-image-wrap\"><img decoding=\"async\" width=\"150\" height=\"150\" class=\"skip-lazy fg-image\" data-src-fg=\"https:\/\/sonamines.cm\/wp-content\/uploads\/cache\/2025\/03\/commercialisation-des-minerais-la-sonamines-se-concerte-avec-les-acteurs-de-la-chaine-04\/917352079.jpg\" src=\"data:image\/svg+xml,%3Csvg%20xmlns%3D%22http%3A%2F%2Fwww.w3.org%2F2000%2Fsvg%22%20width%3D%22150%22%20height%3D%22150%22%20viewBox%3D%220%200%20150%20150%22%3E%3C%2Fsvg%3E\" loading=\"eager\"><\/span><span class=\"fg-image-overlay\"><\/span><\/a><\/figure><div class=\"fg-loader\"><\/div><\/div><div class=\"fg-item fg-type-image fg-idle\"><figure class=\"fg-item-inner\"><a href=\"https:\/\/sonamines.cm\/wp-content\/uploads\/2025\/03\/commercialisation-des-minerais-la-sonamines-se-concerte-avec-les-acteurs-de-la-chaine-02.jpg\" data-attachment-id=\"1922\" data-type=\"image\" class=\"fg-thumb\"><span class=\"fg-image-wrap\"><img decoding=\"async\" width=\"150\" height=\"150\" class=\"skip-lazy fg-image\" data-src-fg=\"https:\/\/sonamines.cm\/wp-content\/uploads\/cache\/2025\/03\/commercialisation-des-minerais-la-sonamines-se-concerte-avec-les-acteurs-de-la-chaine-02\/972720497.jpg\" src=\"data:image\/svg+xml,%3Csvg%20xmlns%3D%22http%3A%2F%2Fwww.w3.org%2F2000%2Fsvg%22%20width%3D%22150%22%20height%3D%22150%22%20viewBox%3D%220%200%20150%20150%22%3E%3C%2Fsvg%3E\" loading=\"eager\"><\/span><span class=\"fg-image-overlay\"><\/span><\/a><\/figure><div class=\"fg-loader\"><\/div><\/div><\/div>\n\n<p>Au sortir de ces travaux, les parties prenantes se sont accord\u00e9es sur \u00a0la mise en place d\u2019une plateforme d&#8217;\u00e9changes entre tous les acteurs institutionnels concern\u00e9s, la syst\u00e9matisation de ces rencontres, la poursuite de la sensibilisation sur le cadre l\u00e9gal, la saisine formelle des forces de d\u00e9fense et de s\u00e9curit\u00e9 aux fins de v\u00e9rification de l&#8217;identit\u00e9 des potentiels acheteurs ou vendeurs, la saisine des entit\u00e9s auteures des expertises aux fins de r\u00e9trocession des substances semi-pr\u00e9cieuses apr\u00e8s lesdites expertises \u00e0 la SONAMINES.<\/p>\n<p>La SONAMINES est donc r\u00e9solument d\u00e9cid\u00e9e \u00e0 prendre le taureau par les cornes et entend ainsi mettre en \u0153uvre, l\u2019exclusivit\u00e9 de l\u2019achat et de la commercialisation de l\u2019or et du diamant dont elle d\u00e9tient la pr\u00e9rogative, sur l\u2019ensemble du territoire national.<\/p>\n<p>Elle a \u00e9galement saisi cette occasion, pour pr\u00e9senter sa nouvelle acquisition, un appareil d\u2019estampillage conforme aux normes en la mati\u00e8re, afin de mener lesdites op\u00e9rations qui visent \u00e0 assurer la tra\u00e7abilit\u00e9 de l\u2019or en provenance du Cameroun. La d\u00e9monstration faite pour la circonstance, a abouti \u00e0 la pr\u00e9sentation du tout premier lingot estampill\u00e9 par la SONAMINES, sous les regards admiratifs de l\u2019assistance.<\/p>\n<p>La conduite harmonis\u00e9e des op\u00e9rations d\u2019achat, de vente, de transit et d\u2019exportation des substances pr\u00e9cieuses et semi-pr\u00e9cieuses par les acteurs institutionnels, vise principalement \u00e0 terme, la structuration et la maitrise de la fili\u00e8re aurif\u00e8re au Cameroun.<\/p>","protected":false},"excerpt":{"rendered":"<p>La SONAMINES est r\u00e9solument d\u00e9cid\u00e9e \u00e0 prendre le taureau par les cornes et entend ainsi mettre en \u0153uvre, l\u2019exclusivit\u00e9 de l\u2019achat et de la commercialisation de l\u2019or et du diamant dont elle d\u00e9tient la pr\u00e9rogative, sur l\u2019ensemble du territoire national.<\/p>","protected":false},"author":3,"featured_media":1925,"comment_status":"open","ping_status":"open","sticky":false,"template":"","format":"standard","meta":{"_coblocks_attr":"","_coblocks_dimensions":"","_coblocks_responsive_height":"","_coblocks_accordion_ie_support":"","_uag_custom_page_level_css":"","footnotes":""},"categories":[4],"tags":[],"class_list":["post-1918","post","type-post","status-publish","format-standard","has-post-thumbnail","hentry","category-actualite"],"uagb_featured_image_src":{"full":["https:\/\/sonamines.cm\/wp-content\/uploads\/2025\/03\/commercialisation-des-minerais-la-sonamines-se-concerte-avec-les-acteurs-de-la-chaine-01.jpg?v=1741016785",1600,1066,false],"thumbnail":["https:\/\/sonamines.cm\/wp-content\/uploads\/2025\/03\/commercialisation-des-minerais-la-sonamines-se-concerte-avec-les-acteurs-de-la-chaine-01-150x150.jpg?v=1741016785",150,150,true],"medium":["https:\/\/sonamines.cm\/wp-content\/uploads\/2025\/03\/commercialisation-des-minerais-la-sonamines-se-concerte-avec-les-acteurs-de-la-chaine-01-300x200.jpg?v=1741016785",300,200,true],"medium_large":["https:\/\/sonamines.cm\/wp-content\/uploads\/2025\/03\/commercialisation-des-minerais-la-sonamines-se-concerte-avec-les-acteurs-de-la-chaine-01-768x512.jpg?v=1741016785",640,427,true],"large":["https:\/\/sonamines.cm\/wp-content\/uploads\/2025\/03\/commercialisation-des-minerais-la-sonamines-se-concerte-avec-les-acteurs-de-la-chaine-01-1024x682.jpg?v=1741016785",640,426,true],"1536x1536":["https:\/\/sonamines.cm\/wp-content\/uploads\/2025\/03\/commercialisation-des-minerais-la-sonamines-se-concerte-avec-les-acteurs-de-la-chaine-01-1536x1023.jpg?v=1741016785",1536,1023,true],"2048x2048":["https:\/\/sonamines.cm\/wp-content\/uploads\/2025\/03\/commercialisation-des-minerais-la-sonamines-se-concerte-avec-les-acteurs-de-la-chaine-01.jpg?v=1741016785",1600,1066,false],"trp-custom-language-flag":["https:\/\/sonamines.cm\/wp-content\/uploads\/2025\/03\/commercialisation-des-minerais-la-sonamines-se-concerte-avec-les-acteurs-de-la-chaine-01-18x12.jpg?v=1741016785",18,12,true]},"uagb_author_info":{"display_name":"SANDIE Gilles","author_link":"https:\/\/sonamines.cm\/en\/author\/gillessandie\/"},"uagb_comment_info":0,"uagb_excerpt":"La SONAMINES est r\u00e9solument d\u00e9cid\u00e9e \u00e0 prendre le taureau par les cornes et entend ainsi mettre en \u0153uvre, l\u2019exclusivit\u00e9 de l\u2019achat et de la commercialisation de l\u2019or et du diamant dont elle d\u00e9tient la pr\u00e9rogative, sur l\u2019ensemble du territoire national.","_links":{"self":[{"href":"https:\/\/sonamines.cm\/en\/wp-json\/wp\/v2\/posts\/1918","targetHints":{"allow":["GET"]}}],"collection":[{"href":"https:\/\/sonamines.cm\/en\/wp-json\/wp\/v2\/posts"}],"about":[{"href":"https:\/\/sonamines.cm\/en\/wp-json\/wp\/v2\/types\/post"}],"author":[{"embeddable":true,"href":"https:\/\/sonamines.cm\/en\/wp-json\/wp\/v2\/users\/3"}],"replies":[{"embeddable":true,"href":"https:\/\/sonamines.cm\/en\/wp-json\/wp\/v2\/comments?post=1918"}],"version-history":[{"count":0,"href":"https:\/\/sonamines.cm\/en\/wp-json\/wp\/v2\/posts\/1918\/revisions"}],"wp:featuredmedia":[{"embeddable":true,"href":"https:\/\/sonamines.cm\/en\/wp-json\/wp\/v2\/media\/1925"}],"wp:attachment":[{"href":"https:\/\/sonamines.cm\/en\/wp-json\/wp\/v2\/media?parent=1918"}],"wp:term":[{"taxonomy":"category","embeddable":true,"href":"https:\/\/sonamines.cm\/en\/wp-json\/wp\/v2\/categories?post=1918"},{"taxonomy":"post_tag","embeddable":true,"href":"https:\/\/sonamines.cm\/en\/wp-json\/wp\/v2\/tags?post=1918"}],"curies":[{"name":"wp","href":"https:\/\/api.w.org\/{rel}","templated":true}]}}