{"id":1741,"date":"2024-07-15T11:11:32","date_gmt":"2024-07-15T11:11:32","guid":{"rendered":"https:\/\/sonamines.cm\/?p=1741"},"modified":"2024-07-15T11:11:32","modified_gmt":"2024-07-15T11:11:32","slug":"mutuelle-du-personnel-de-la-sonamines-le-tout-premier-bureau-elu","status":"publish","type":"post","link":"https:\/\/sonamines.cm\/en\/mutuelle-du-personnel-de-la-sonamines-le-tout-premier-bureau-elu\/","title":{"rendered":"Mutuelle du personnel de la SONAMINES : le tout premier Bureau \u00e9lu"},"content":{"rendered":"<p><em>Trois ans apr\u00e8s la cr\u00e9ation de la SONAMINES, <\/em><em>la premi\u00e8re Assembl\u00e9e G\u00e9n\u00e9rale constitutive de la Mutuelle du personnel de la jeune entreprise (MUPES), s\u2019est tenue le lundi 08 juillet 2024, en son immeuble si\u00e8ge.<\/em><\/p>\n<p>L\u2019ensemble du personnel s\u2019est donn\u00e9 rendez-vous dans la salle de Conf\u00e9rences de l\u2019immeuble si\u00e8ge, pour ce moment historique. Les travaux pr\u00e9sid\u00e9s par le D\u00e9l\u00e9gu\u00e9 du personnel, <strong>Faustin Medjo, <\/strong>ont abouti \u00e0 l\u2019\u00e9lection du bureau de l\u2019Assembl\u00e9e G\u00e9n\u00e9rale conduit par <strong>Mme Louise NDOUMBE<\/strong>, pendant que les fonctions op\u00e9rationnelles seront assum\u00e9es par le Directeur ex\u00e9cutif\u00a0:<strong> Phil\u00e9mon AWAFONG.\u00a0<\/strong>Cette concertation a \u00e9galement servi de cadre, pour l\u2019adoption des statuts et du r\u00e8glement du r\u00e8glement int\u00e9rieur de cette instance.<\/p>\n<p>La MUPES a pour objectif la promotion de la solidarit\u00e9 et de l\u2019entraide entre ses membres, l\u2019assistance morale et financi\u00e8re de ses membres conform\u00e9ment aux modalit\u00e9s pr\u00e9vues dans le r\u00e8glement int\u00e9rieur, l\u2019octroi des pr\u00eats, la souscription d\u2019une retraite compl\u00e9mentaire pour ses membres le cas \u00e9ch\u00e9ant, la r\u00e9alisation des activit\u00e9s sportives et culturelles et la r\u00e9alisation des investissements dans l\u2019int\u00e9r\u00eat de l\u2019objet qu\u2019elle s\u2019est fix\u00e9e.<\/p>\n<p>Cette toute premi\u00e8re \u00e9quipe qui a la lourde charge de poser les jalons de cette association, a pris la pleine mesure de ses missions et \u0153uvre d\u2019ores et d\u00e9j\u00e0, \u00e0 l\u2019encadrement juridique des activit\u00e9s de la MUPES.<\/p>","protected":false},"excerpt":{"rendered":"<p>Trois ans apr\u00e8s la cr\u00e9ation de la SONAMINES, la premi\u00e8re Assembl\u00e9e G\u00e9n\u00e9rale constitutive de la Mutuelle du personnel de la [&hellip;]<\/p>\n","protected":false},"author":3,"featured_media":1742,"comment_status":"closed","ping_status":"closed","sticky":false,"template":"","format":"standard","meta":{"_coblocks_attr":"","_coblocks_dimensions":"","_coblocks_responsive_height":"","_coblocks_accordion_ie_support":"","_uag_custom_page_level_css":"","footnotes":""},"categories":[4],"tags":[],"class_list":["post-1741","post","type-post","status-publish","format-standard","has-post-thumbnail","hentry","category-actualite"],"uagb_featured_image_src":{"full":["https:\/\/sonamines.cm\/wp-content\/uploads\/2024\/07\/mutuelle-du-personnel-de-la-sonamines-le-tout-premier-bureau-elu.jpg?v=1721041824",2560,1920,false],"thumbnail":["https:\/\/sonamines.cm\/wp-content\/uploads\/2024\/07\/mutuelle-du-personnel-de-la-sonamines-le-tout-premier-bureau-elu-150x150.jpg?v=1721041824",150,150,true],"medium":["https:\/\/sonamines.cm\/wp-content\/uploads\/2024\/07\/mutuelle-du-personnel-de-la-sonamines-le-tout-premier-bureau-elu-300x225.jpg?v=1721041824",300,225,true],"medium_large":["https:\/\/sonamines.cm\/wp-content\/uploads\/2024\/07\/mutuelle-du-personnel-de-la-sonamines-le-tout-premier-bureau-elu-768x576.jpg?v=1721041824",640,480,true],"large":["https:\/\/sonamines.cm\/wp-content\/uploads\/2024\/07\/mutuelle-du-personnel-de-la-sonamines-le-tout-premier-bureau-elu-1024x768.jpg?v=1721041824",640,480,true],"1536x1536":["https:\/\/sonamines.cm\/wp-content\/uploads\/2024\/07\/mutuelle-du-personnel-de-la-sonamines-le-tout-premier-bureau-elu-1536x1152.jpg?v=1721041824",1536,1152,true],"2048x2048":["https:\/\/sonamines.cm\/wp-content\/uploads\/2024\/07\/mutuelle-du-personnel-de-la-sonamines-le-tout-premier-bureau-elu-2048x1536.jpg?v=1721041824",2048,1536,true],"trp-custom-language-flag":["https:\/\/sonamines.cm\/wp-content\/uploads\/2024\/07\/mutuelle-du-personnel-de-la-sonamines-le-tout-premier-bureau-elu-16x12.jpg?v=1721041824",16,12,true]},"uagb_author_info":{"display_name":"SANDIE Gilles","author_link":"https:\/\/sonamines.cm\/en\/author\/gillessandie\/"},"uagb_comment_info":0,"uagb_excerpt":"Trois ans apr\u00e8s la cr\u00e9ation de la SONAMINES, la premi\u00e8re Assembl\u00e9e G\u00e9n\u00e9rale constitutive de la Mutuelle du personnel de la [&hellip;]","_links":{"self":[{"href":"https:\/\/sonamines.cm\/en\/wp-json\/wp\/v2\/posts\/1741","targetHints":{"allow":["GET"]}}],"collection":[{"href":"https:\/\/sonamines.cm\/en\/wp-json\/wp\/v2\/posts"}],"about":[{"href":"https:\/\/sonamines.cm\/en\/wp-json\/wp\/v2\/types\/post"}],"author":[{"embeddable":true,"href":"https:\/\/sonamines.cm\/en\/wp-json\/wp\/v2\/users\/3"}],"replies":[{"embeddable":true,"href":"https:\/\/sonamines.cm\/en\/wp-json\/wp\/v2\/comments?post=1741"}],"version-history":[{"count":0,"href":"https:\/\/sonamines.cm\/en\/wp-json\/wp\/v2\/posts\/1741\/revisions"}],"wp:featuredmedia":[{"embeddable":true,"href":"https:\/\/sonamines.cm\/en\/wp-json\/wp\/v2\/media\/1742"}],"wp:attachment":[{"href":"https:\/\/sonamines.cm\/en\/wp-json\/wp\/v2\/media?parent=1741"}],"wp:term":[{"taxonomy":"category","embeddable":true,"href":"https:\/\/sonamines.cm\/en\/wp-json\/wp\/v2\/categories?post=1741"},{"taxonomy":"post_tag","embeddable":true,"href":"https:\/\/sonamines.cm\/en\/wp-json\/wp\/v2\/tags?post=1741"}],"curies":[{"name":"wp","href":"https:\/\/api.w.org\/{rel}","templated":true}]}}