{"id":1684,"date":"2024-05-08T11:09:28","date_gmt":"2024-05-08T11:09:28","guid":{"rendered":"https:\/\/sonamines.cm\/?p=1684"},"modified":"2024-05-08T11:10:05","modified_gmt":"2024-05-08T11:10:05","slug":"138-eme-edition-de-la-fete-du-travail-la-sonamines-joue-sa-partition","status":"publish","type":"post","link":"https:\/\/sonamines.cm\/en\/138-eme-edition-de-la-fete-du-travail-la-sonamines-joue-sa-partition\/","title":{"rendered":"138-\u00e8me \u00e9dition de la f\u00eate du travail : La SONAMINES joue sa partition"},"content":{"rendered":"<p><em>\u00a0Les activit\u00e9s marquant les festivit\u00e9s de la f\u00eate internationale du travail se sont d\u00e9roul\u00e9es dans l\u2019ensemble des 9 bureaux et au si\u00e8ge de la SONAMINES, le 1<sup>er<\/sup> Mai 2024, avec pour leitmotiv, le d\u00e9veloppement de la jeune entreprise.<\/em><\/p>\n<p>Pour la troisi\u00e8me ann\u00e9e cons\u00e9cutive, la Soci\u00e9t\u00e9 Nationale des Mines a r\u00e9ussi le pari de la mobilisation de son personnel, dans toutes ses repr\u00e9sentations et au si\u00e8ge de la Direction G\u00e9n\u00e9rale, pour comm\u00e9morer la 138<sup>i\u00e8me<\/sup> \u00e9dition de la f\u00eate internationale du travail. Ce moment de c\u00e9l\u00e9bration \u00e9tait une occasion de communion entre le Top Management, soucieux d\u2019assurer un climat de travail serein, et son personnel motiv\u00e9 \u00e0 contribuer valablement \u00e0 l\u2019atteinte des objectifs fix\u00e9s.<\/p>\n<p>Qu\u2019ils s\u2019agissent des neuf Bureaux locaux ou de la Direction G\u00e9n\u00e9rale, le v\u0153u du top management de porter haut l\u2019\u00e9tendard de la SONAMINES aura \u00e9t\u00e9 mat\u00e9rialis\u00e9 par les couleurs de la jeune entreprise sur l\u2019ensemble du territoire national. A travers les supports et autres vecteurs d\u2019identit\u00e9 visuelle (pagne, polos casquettes etc), les localit\u00e9s de Batouri, Kette, Colomine, Garoua Boulai, Meiganga, Tcholir\u00e9, Kentzou et Pouma, ont brill\u00e9 par leur forte pr\u00e9sence aux diff\u00e9rents d\u00e9fil\u00e9s d\u00e9di\u00e9s \u00e0 la circonstance, en plus des activit\u00e9s sportives qui ont meubl\u00e9 la s\u00e9rie d\u2019activit\u00e9s organis\u00e9e \u00e0 cet effet.<\/p>\n<p>Le D\u00e9jeuner offert\u00a0 \u00e0 cet occasion et pr\u00e9sid\u00e9 \u00e0 l\u2019immeuble si\u00e8ge par le\u00a0 Directeur G\u00e9n\u00e9ral, a pr\u00eat\u00e9 le flan \u00e0 un \u00e9change fraternel entre le top management et le personnel par la voix du tout premier \u00a0D\u00e9l\u00e9gu\u00e9 du personnel \u00e9lu le 06 Octobre 2023, qui a profit\u00e9 dans sa prise de parole,\u00a0 pour exprimer la gratitude du personnel au top management qui n\u2019a de cesse d\u2019am\u00e9liorer les conditions de travail du personnel\u00a0et surtout, de privil\u00e9gier le dialogue entre les organes sociaux de l\u2019entreprise et les employ\u00e9s, pour garantir les bons r\u00e9sultats, tel que repris dans la th\u00e9matique de l\u2019\u00e9dition\u00a0: \u00ab\u00a0<em><strong>Dialogue social constructif\u00a0: facteur de promotion du travail d\u00e9cent et de progr\u00e8s social<\/strong><\/em> \u00bb. Faustin MEDJO a magnifi\u00e9 de fort belle mani\u00e8re cette dynamique d\u2019esprit d\u2019\u00e9quipe, impuls\u00e9e par la Direction G\u00e9n\u00e9rale.<\/p>\n<style type=\"text\/css\">\n#foogallery-gallery-1690 .fg-image { width: 150px; }\n#foogallery-gallery-1690 { --fg-gutter: 10px; }<\/style>\n\t\t\t<div class=\"foogallery foogallery-container foogallery-default foogallery-lightbox-foogallery fg-center fg-default fg-ready fg-light fg-border-thin fg-shadow-outline fg-loading-default fg-loaded-fade-in fg-caption-hover fg-hover-fade fg-hover-zoom\" id=\"foogallery-gallery-1690\" data-foogallery=\"{&quot;item&quot;:{&quot;showCaptionTitle&quot;:true,&quot;showCaptionDescription&quot;:true},&quot;lazy&quot;:true}\" data-foogallery-lightbox=\"{&quot;thumbs&quot;:&quot;bottom&quot;,&quot;thumbsCaptions&quot;:false,&quot;thumbsBestFit&quot;:false,&quot;thumbsSmall&quot;:false,&quot;thumbsCaptionsAlign&quot;:&quot;default&quot;,&quot;info&quot;:&quot;bottom&quot;,&quot;infoVisible&quot;:true,&quot;infoOverlay&quot;:true,&quot;infoAlign&quot;:&quot;default&quot;,&quot;transition&quot;:&quot;fade&quot;,&quot;hoverButtons&quot;:false,&quot;fitMedia&quot;:false,&quot;noScrollbars&quot;:true,&quot;preserveButtonSpace&quot;:true,&quot;buttons&quot;:{&quot;fullscreen&quot;:true,&quot;info&quot;:true,&quot;thumbs&quot;:false},&quot;video&quot;:{&quot;autoPlay&quot;:true}}\" style=\"--fg-title-line-clamp: 0; --fg-description-line-clamp: 0;\" >\n\t<div class=\"fg-item fg-type-image fg-idle\"><figure class=\"fg-item-inner\"><a href=\"https:\/\/sonamines.cm\/wp-content\/uploads\/2024\/05\/1er-mai-2024-1.jpg\" data-attachment-id=\"1685\" data-type=\"image\" class=\"fg-thumb\"><span class=\"fg-image-wrap\"><img decoding=\"async\" width=\"150\" height=\"150\" class=\"skip-lazy fg-image\" data-src-fg=\"https:\/\/sonamines.cm\/wp-content\/uploads\/cache\/2024\/05\/1er-mai-2024-1\/1576848261.jpg\" src=\"data:image\/svg+xml,%3Csvg%20xmlns%3D%22http%3A%2F%2Fwww.w3.org%2F2000%2Fsvg%22%20width%3D%22150%22%20height%3D%22150%22%20viewBox%3D%220%200%20150%20150%22%3E%3C%2Fsvg%3E\" loading=\"eager\"><\/span><span class=\"fg-image-overlay\"><\/span><\/a><\/figure><div class=\"fg-loader\"><\/div><\/div><div class=\"fg-item fg-type-image fg-idle\"><figure class=\"fg-item-inner\"><a href=\"https:\/\/sonamines.cm\/wp-content\/uploads\/2024\/05\/1er-mai-2024-sonamines-06.jpg\" data-attachment-id=\"1692\" data-type=\"image\" class=\"fg-thumb\"><span class=\"fg-image-wrap\"><img decoding=\"async\" width=\"150\" height=\"150\" class=\"skip-lazy fg-image\" data-src-fg=\"https:\/\/sonamines.cm\/wp-content\/uploads\/cache\/2024\/05\/1er-mai-2024-sonamines-06\/552693582.jpg\" src=\"data:image\/svg+xml,%3Csvg%20xmlns%3D%22http%3A%2F%2Fwww.w3.org%2F2000%2Fsvg%22%20width%3D%22150%22%20height%3D%22150%22%20viewBox%3D%220%200%20150%20150%22%3E%3C%2Fsvg%3E\" loading=\"eager\"><\/span><span class=\"fg-image-overlay\"><\/span><\/a><\/figure><div class=\"fg-loader\"><\/div><\/div><div class=\"fg-item fg-type-image fg-idle\"><figure class=\"fg-item-inner\"><a href=\"https:\/\/sonamines.cm\/wp-content\/uploads\/2024\/05\/1er-mai-2024-sonamines-04.jpg\" data-attachment-id=\"1691\" data-type=\"image\" class=\"fg-thumb\"><span class=\"fg-image-wrap\"><img decoding=\"async\" width=\"150\" height=\"150\" class=\"skip-lazy fg-image\" data-src-fg=\"https:\/\/sonamines.cm\/wp-content\/uploads\/cache\/2024\/05\/1er-mai-2024-sonamines-04\/2304900784.jpg\" src=\"data:image\/svg+xml,%3Csvg%20xmlns%3D%22http%3A%2F%2Fwww.w3.org%2F2000%2Fsvg%22%20width%3D%22150%22%20height%3D%22150%22%20viewBox%3D%220%200%20150%20150%22%3E%3C%2Fsvg%3E\" loading=\"eager\"><\/span><span class=\"fg-image-overlay\"><\/span><\/a><\/figure><div class=\"fg-loader\"><\/div><\/div><div class=\"fg-item fg-type-image fg-idle\"><figure class=\"fg-item-inner\"><a href=\"https:\/\/sonamines.cm\/wp-content\/uploads\/2024\/05\/1er-mai-2024-sonamines-03.jpg\" data-attachment-id=\"1689\" data-type=\"image\" class=\"fg-thumb\"><span class=\"fg-image-wrap\"><img decoding=\"async\" width=\"150\" height=\"150\" class=\"skip-lazy fg-image\" data-src-fg=\"https:\/\/sonamines.cm\/wp-content\/uploads\/cache\/2024\/05\/1er-mai-2024-sonamines-03\/3216330329.jpg\" src=\"data:image\/svg+xml,%3Csvg%20xmlns%3D%22http%3A%2F%2Fwww.w3.org%2F2000%2Fsvg%22%20width%3D%22150%22%20height%3D%22150%22%20viewBox%3D%220%200%20150%20150%22%3E%3C%2Fsvg%3E\" loading=\"eager\"><\/span><span class=\"fg-image-overlay\"><\/span><\/a><\/figure><div class=\"fg-loader\"><\/div><\/div><div class=\"fg-item fg-type-image fg-idle\"><figure class=\"fg-item-inner\"><a href=\"https:\/\/sonamines.cm\/wp-content\/uploads\/2024\/05\/1er-mai-2024-sonamines-02.jpg\" data-attachment-id=\"1688\" data-type=\"image\" class=\"fg-thumb\"><span class=\"fg-image-wrap\"><img decoding=\"async\" width=\"150\" height=\"150\" class=\"skip-lazy fg-image\" data-src-fg=\"https:\/\/sonamines.cm\/wp-content\/uploads\/cache\/2024\/05\/1er-mai-2024-sonamines-02\/712229702.jpg\" src=\"data:image\/svg+xml,%3Csvg%20xmlns%3D%22http%3A%2F%2Fwww.w3.org%2F2000%2Fsvg%22%20width%3D%22150%22%20height%3D%22150%22%20viewBox%3D%220%200%20150%20150%22%3E%3C%2Fsvg%3E\" loading=\"eager\"><\/span><span class=\"fg-image-overlay\"><\/span><\/a><\/figure><div class=\"fg-loader\"><\/div><\/div><div class=\"fg-item fg-type-image fg-idle\"><figure class=\"fg-item-inner\"><a href=\"https:\/\/sonamines.cm\/wp-content\/uploads\/2024\/05\/1er-mai-2024-sonamines-01.jpg\" data-attachment-id=\"1687\" data-type=\"image\" class=\"fg-thumb\"><span class=\"fg-image-wrap\"><img decoding=\"async\" width=\"150\" height=\"150\" class=\"skip-lazy fg-image\" data-src-fg=\"https:\/\/sonamines.cm\/wp-content\/uploads\/cache\/2024\/05\/1er-mai-2024-sonamines-01\/1467810984.jpg\" src=\"data:image\/svg+xml,%3Csvg%20xmlns%3D%22http%3A%2F%2Fwww.w3.org%2F2000%2Fsvg%22%20width%3D%22150%22%20height%3D%22150%22%20viewBox%3D%220%200%20150%20150%22%3E%3C%2Fsvg%3E\" loading=\"eager\"><\/span><span class=\"fg-image-overlay\"><\/span><\/a><\/figure><div class=\"fg-loader\"><\/div><\/div><div class=\"fg-item fg-type-image fg-idle\"><figure class=\"fg-item-inner\"><a href=\"https:\/\/sonamines.cm\/wp-content\/uploads\/2024\/05\/1er-mai-2024-sonamines-05.jpg\" data-attachment-id=\"1693\" data-type=\"image\" class=\"fg-thumb\"><span class=\"fg-image-wrap\"><img decoding=\"async\" width=\"150\" height=\"150\" class=\"skip-lazy fg-image\" data-src-fg=\"https:\/\/sonamines.cm\/wp-content\/uploads\/cache\/2024\/05\/1er-mai-2024-sonamines-05\/4145210668.jpg\" src=\"data:image\/svg+xml,%3Csvg%20xmlns%3D%22http%3A%2F%2Fwww.w3.org%2F2000%2Fsvg%22%20width%3D%22150%22%20height%3D%22150%22%20viewBox%3D%220%200%20150%20150%22%3E%3C%2Fsvg%3E\" loading=\"eager\"><\/span><span class=\"fg-image-overlay\"><\/span><\/a><\/figure><div class=\"fg-loader\"><\/div><\/div><\/div>\n\n<p><strong>Serges Herv\u00e9 BOYOGUENO <\/strong>pour sa part<strong>, <\/strong>a saisi cette occasion pour c\u00e9l\u00e9brer ce personnel qui l\u2019accompagne depuis sa nomination le 16 avril 2021. \u00ab\u00a0<em>Nous sommes fiers de vous avoir comme co\u00e9quipiers dans l\u2019\u00e9quipe SONAMINES, pour relever ensemble les nombreux d\u00e9fis qui nous interpellent. Et nous demeurons convaincus que nous pouvons et allons accomplir de grandes choses ensemble, \u00e0 condition que chacun fasse son travail et tr\u00e8s bien son travail.<\/em>\u00a0\u00bb a martel\u00e9 le Directeur G\u00e9n\u00e9ral. Aussi, apr\u00e8s l\u2019adoption de certains instruments n\u00e9cessaires \u00e0 son d\u00e9collage notamment\u00a0: son plan Strat\u00e9gique de D\u00e9veloppement 2023-2030, sa vision, ses valeurs, la cons\u00e9cration des missions qui lui sont d\u00e9volues dans le Code minier promulgu\u00e9 le 19 d\u00e9cembre 2023, le personnel n\u2019a plus d\u2019excuses et doit se mettre au travail dans un cadre d\u00e9j\u00e0 encadr\u00e9 par des statuts et le r\u00e8glement int\u00e9rieur.<\/p>\n<p>Les rideaux de cette \u00e9dition se sont referm\u00e9s par une expression r\u00e9cr\u00e9ative, n\u00e9cessaire pour recharger les batteries afin de relever ensemble, le d\u00e9fi de faire de la SONAMINES un<strong><em>&#8221; acteur majeur et catalyseur du d\u00e9veloppement minier au Cameroun<\/em><\/strong>&#8220;.<\/p>","protected":false},"excerpt":{"rendered":"<p>\u00a0Les activit\u00e9s marquant les festivit\u00e9s de la f\u00eate internationale du travail se sont d\u00e9roul\u00e9es dans l\u2019ensemble des 9 bureaux et [&hellip;]<\/p>\n","protected":false},"author":3,"featured_media":1686,"comment_status":"closed","ping_status":"closed","sticky":false,"template":"","format":"standard","meta":{"_coblocks_attr":"","_coblocks_dimensions":"","_coblocks_responsive_height":"","_coblocks_accordion_ie_support":"","_uag_custom_page_level_css":"","footnotes":""},"categories":[4],"tags":[],"class_list":["post-1684","post","type-post","status-publish","format-standard","has-post-thumbnail","hentry","category-actualite"],"uagb_featured_image_src":{"full":["https:\/\/sonamines.cm\/wp-content\/uploads\/2024\/05\/1er-mai-2024-2.jpg?v=1715165992",1920,1080,false],"thumbnail":["https:\/\/sonamines.cm\/wp-content\/uploads\/2024\/05\/1er-mai-2024-2-150x150.jpg?v=1715165992",150,150,true],"medium":["https:\/\/sonamines.cm\/wp-content\/uploads\/2024\/05\/1er-mai-2024-2-300x169.jpg?v=1715165992",300,169,true],"medium_large":["https:\/\/sonamines.cm\/wp-content\/uploads\/2024\/05\/1er-mai-2024-2-768x432.jpg?v=1715165992",640,360,true],"large":["https:\/\/sonamines.cm\/wp-content\/uploads\/2024\/05\/1er-mai-2024-2-1024x576.jpg?v=1715165992",640,360,true],"1536x1536":["https:\/\/sonamines.cm\/wp-content\/uploads\/2024\/05\/1er-mai-2024-2-1536x864.jpg?v=1715165992",1536,864,true],"2048x2048":["https:\/\/sonamines.cm\/wp-content\/uploads\/2024\/05\/1er-mai-2024-2.jpg?v=1715165992",1920,1080,false],"trp-custom-language-flag":["https:\/\/sonamines.cm\/wp-content\/uploads\/2024\/05\/1er-mai-2024-2-18x10.jpg?v=1715165992",18,10,true]},"uagb_author_info":{"display_name":"SANDIE Gilles","author_link":"https:\/\/sonamines.cm\/en\/author\/gillessandie\/"},"uagb_comment_info":0,"uagb_excerpt":"\u00a0Les activit\u00e9s marquant les festivit\u00e9s de la f\u00eate internationale du travail se sont d\u00e9roul\u00e9es dans l\u2019ensemble des 9 bureaux et [&hellip;]","_links":{"self":[{"href":"https:\/\/sonamines.cm\/en\/wp-json\/wp\/v2\/posts\/1684","targetHints":{"allow":["GET"]}}],"collection":[{"href":"https:\/\/sonamines.cm\/en\/wp-json\/wp\/v2\/posts"}],"about":[{"href":"https:\/\/sonamines.cm\/en\/wp-json\/wp\/v2\/types\/post"}],"author":[{"embeddable":true,"href":"https:\/\/sonamines.cm\/en\/wp-json\/wp\/v2\/users\/3"}],"replies":[{"embeddable":true,"href":"https:\/\/sonamines.cm\/en\/wp-json\/wp\/v2\/comments?post=1684"}],"version-history":[{"count":0,"href":"https:\/\/sonamines.cm\/en\/wp-json\/wp\/v2\/posts\/1684\/revisions"}],"wp:featuredmedia":[{"embeddable":true,"href":"https:\/\/sonamines.cm\/en\/wp-json\/wp\/v2\/media\/1686"}],"wp:attachment":[{"href":"https:\/\/sonamines.cm\/en\/wp-json\/wp\/v2\/media?parent=1684"}],"wp:term":[{"taxonomy":"category","embeddable":true,"href":"https:\/\/sonamines.cm\/en\/wp-json\/wp\/v2\/categories?post=1684"},{"taxonomy":"post_tag","embeddable":true,"href":"https:\/\/sonamines.cm\/en\/wp-json\/wp\/v2\/tags?post=1684"}],"curies":[{"name":"wp","href":"https:\/\/api.w.org\/{rel}","templated":true}]}}