{"id":1660,"date":"2024-04-04T08:56:52","date_gmt":"2024-04-04T08:56:52","guid":{"rendered":"https:\/\/sonamines.cm\/?p=1660"},"modified":"2024-04-04T08:56:52","modified_gmt":"2024-04-04T08:56:52","slug":"cooperation-la-sonamines-mise-sur-lexpertise-espagnole","status":"publish","type":"post","link":"https:\/\/sonamines.cm\/en\/cooperation-la-sonamines-mise-sur-lexpertise-espagnole\/","title":{"rendered":"Cooperation: SONAMINES Seeks Spanish Expertise"},"content":{"rendered":"<p><em>The General Manager of the National Mining Corporation was received in audience on Tuesday 02 April 2024 by the Spanish Ambassador to Cameroon, His Excellency Ignacio Garcia Lumbreras.\u00a0 <\/em><\/p>\n<p>The noble mission of promoting and developing Cameroon's mining sector except for hydrocarbons and quarries, requires SONAMINES to be constantly on the front line, showcasing our mineral potential and attracting potential investors. In this vein, Serge Herv\u00e9 Boyogueno has taken the initiative of meeting some of the diplomatic missions in our country, in his quest for potential partners. At the Spanish Embassy in Cameroon, he made no bones about presenting the structure placed under his responsibility in particular, and Cameroon's mineral wealth in general. He went on outlining the various areas of partnership that could be of interest to Spanish companies, in the specific fields of mining and beneficiation of mineral substances. In response, the Spanish Ambassador welcomed SONAMINES' approach, while reassuring the General Manager of their expertise in the areas highlighted. He therefore undertook to support SONAMINES in its search for strategic partners, by making available the data required to implement specific projects. The Embassy will equally liaise between Cameroon and Spanish, enabling them to lay the foundations for a fruitful partnership. To this end, there will be need to set up a simplified collaboration framework after these initial discussions to facilitate all future actions.<\/p>","protected":false},"excerpt":{"rendered":"<p>Le Directeur G\u00e9n\u00e9ral de la Soci\u00e9t\u00e9 Nationale des Mines, a \u00e9t\u00e9 re\u00e7u en audience le mardi 02 avril 2024, par [&hellip;]<\/p>\n","protected":false},"author":3,"featured_media":1662,"comment_status":"closed","ping_status":"closed","sticky":false,"template":"","format":"standard","meta":{"_coblocks_attr":"","_coblocks_dimensions":"","_coblocks_responsive_height":"","_coblocks_accordion_ie_support":"","_uag_custom_page_level_css":"","footnotes":""},"categories":[4],"tags":[],"class_list":["post-1660","post","type-post","status-publish","format-standard","has-post-thumbnail","hentry","category-actualite"],"uagb_featured_image_src":{"full":["https:\/\/sonamines.cm\/wp-content\/uploads\/2024\/04\/cooperation-la-sonamines-mise-sur-l-expertise-espagnole.jpg?v=1712220980",477,535,false],"thumbnail":["https:\/\/sonamines.cm\/wp-content\/uploads\/2024\/04\/cooperation-la-sonamines-mise-sur-l-expertise-espagnole-150x150.jpg?v=1712220980",150,150,true],"medium":["https:\/\/sonamines.cm\/wp-content\/uploads\/2024\/04\/cooperation-la-sonamines-mise-sur-l-expertise-espagnole-267x300.jpg?v=1712220980",267,300,true],"medium_large":["https:\/\/sonamines.cm\/wp-content\/uploads\/2024\/04\/cooperation-la-sonamines-mise-sur-l-expertise-espagnole.jpg?v=1712220980",477,535,false],"large":["https:\/\/sonamines.cm\/wp-content\/uploads\/2024\/04\/cooperation-la-sonamines-mise-sur-l-expertise-espagnole.jpg?v=1712220980",477,535,false],"1536x1536":["https:\/\/sonamines.cm\/wp-content\/uploads\/2024\/04\/cooperation-la-sonamines-mise-sur-l-expertise-espagnole.jpg?v=1712220980",477,535,false],"2048x2048":["https:\/\/sonamines.cm\/wp-content\/uploads\/2024\/04\/cooperation-la-sonamines-mise-sur-l-expertise-espagnole.jpg?v=1712220980",477,535,false],"trp-custom-language-flag":["https:\/\/sonamines.cm\/wp-content\/uploads\/2024\/04\/cooperation-la-sonamines-mise-sur-l-expertise-espagnole-11x12.jpg?v=1712220980",11,12,true]},"uagb_author_info":{"display_name":"SANDIE Gilles","author_link":"https:\/\/sonamines.cm\/en\/author\/gillessandie\/"},"uagb_comment_info":0,"uagb_excerpt":"Le Directeur G\u00e9n\u00e9ral de la Soci\u00e9t\u00e9 Nationale des Mines, a \u00e9t\u00e9 re\u00e7u en audience le mardi 02 avril 2024, par [&hellip;]","_links":{"self":[{"href":"https:\/\/sonamines.cm\/en\/wp-json\/wp\/v2\/posts\/1660","targetHints":{"allow":["GET"]}}],"collection":[{"href":"https:\/\/sonamines.cm\/en\/wp-json\/wp\/v2\/posts"}],"about":[{"href":"https:\/\/sonamines.cm\/en\/wp-json\/wp\/v2\/types\/post"}],"author":[{"embeddable":true,"href":"https:\/\/sonamines.cm\/en\/wp-json\/wp\/v2\/users\/3"}],"replies":[{"embeddable":true,"href":"https:\/\/sonamines.cm\/en\/wp-json\/wp\/v2\/comments?post=1660"}],"version-history":[{"count":0,"href":"https:\/\/sonamines.cm\/en\/wp-json\/wp\/v2\/posts\/1660\/revisions"}],"wp:featuredmedia":[{"embeddable":true,"href":"https:\/\/sonamines.cm\/en\/wp-json\/wp\/v2\/media\/1662"}],"wp:attachment":[{"href":"https:\/\/sonamines.cm\/en\/wp-json\/wp\/v2\/media?parent=1660"}],"wp:term":[{"taxonomy":"category","embeddable":true,"href":"https:\/\/sonamines.cm\/en\/wp-json\/wp\/v2\/categories?post=1660"},{"taxonomy":"post_tag","embeddable":true,"href":"https:\/\/sonamines.cm\/en\/wp-json\/wp\/v2\/tags?post=1660"}],"curies":[{"name":"wp","href":"https:\/\/api.w.org\/{rel}","templated":true}]}}