{"id":1634,"date":"2024-03-26T10:11:27","date_gmt":"2024-03-26T10:11:27","guid":{"rendered":"https:\/\/sonamines.cm\/?p=1634"},"modified":"2024-03-26T10:11:27","modified_gmt":"2024-03-26T10:11:27","slug":"restauration-et-rehabilitation-des-sites-miniers-orphelins-la-sonamines-et-inbar-en-phase","status":"publish","type":"post","link":"https:\/\/sonamines.cm\/en\/restauration-et-rehabilitation-des-sites-miniers-orphelins-la-sonamines-et-inbar-en-phase\/","title":{"rendered":"Restauration et r\u00e9habilitation des sites miniers orphelins : la SONAMINES et INBAR en phase"},"content":{"rendered":"<p><em>Le Directeur G\u00e9n\u00e9ral de la SONAMINES Serge Herv\u00e9 BOYOGUENO a accord\u00e9 une audience au Directeur G\u00e9n\u00e9ral de l\u2019organisation internationale du Bambou et du rotin (INBAR) le vendredi 22 mars 2024 au si\u00e8ge de la Direction G\u00e9n\u00e9rale de la SONAMINES.<\/em><\/p>\n<p>La Soci\u00e9t\u00e9 Nationale des Mines de par son d\u00e9cret de cr\u00e9ation est investie des missions de restauration, de r\u00e9habilitation et de fermeture des sites miniers en liaison avec les administrations sectorielles. M\u00eame si la loi portant Code minier a pr\u00e9vu la cr\u00e9ation des diff\u00e9rents fonds pour le financement de cette activit\u00e9, il n\u2019en demeure pas moins vrai que les sites miniers abandonn\u00e9s \u00e0 la fin de l\u2019activit\u00e9 mini\u00e8re, demeurent un probl\u00e8me pour l\u2019Etat du Cameroun.<\/p>\n<p>D\u2019o\u00f9 l\u2019entr\u00e9e en sc\u00e8ne de l\u2019Organisation Internationale du Bambou et du Rotin (INBAR), \u00e0 l\u2019effet de faire b\u00e9n\u00e9ficier \u00e0 la SONAMINES de son expertise dans la restauration des sols d\u00e9grad\u00e9s avec le Bambou et le rotin au profit des populations et de l\u2019environnement. R\u00e9n\u00e9 KAAM le Directeur R\u00e9gional de cet organisme a saisi l\u2019occasion pour pr\u00e9senter l\u2019\u00e9tendue des comp\u00e9tences de INBAR et, le type de travaux \u00e0 r\u00e9aliser pour redonner une autre vie aux sites miniers abandonn\u00e9s notamment\u00a0: la cr\u00e9ation des p\u00e9pini\u00e8res, la reboiserie et l\u2019agroforesterie.<\/p>\n<p>A cela il faudrait \u00e9galement ajouter le d\u00e9veloppement d\u2019un certain nombre d\u2019activit\u00e9s g\u00e9n\u00e9ratrices de revenus pour les jeunes et les femmes des zones mini\u00e8res impact\u00e9es, tel que la transformation du Bambou en divers produits commercialisables. Cette autre phase du projet sera d\u00e9velopp\u00e9e dans le cadre de la composante autonomisation des parents du projet \u00ab\u00a0Z\u00e9ro Enfant dans la mine\u00a0\u00bb.<\/p>\n<p>Et pour rentrer directement dans le concret, les deux parties ont fix\u00e9 les prochaines \u00e9tapes de mise en \u0153uvre de cet important projet notamment, l\u2019\u00e9laboration d\u2019un plan d\u2019action, la d\u00e9limitation du site \u00e0 r\u00e9habiliter, la conduite des \u00e9tudes des sols \u00e0 l\u2019effet d\u2019adapter les techniques de r\u00e9habilitation correspondantes au niveau de d\u00e9gradation et les descentes sur sites \u00e0 partir de la mi-avril.<\/p>\n<p>Au terme de l\u2019audience, R\u00e9n\u00e9 KAAM le Directeur R\u00e9gional de INBAR qu\u2019accompagnait pour la circonstance, le Directeur des Nations-Unies au MINREX, Ebenezer MOUANDJO MOUANDJO, a dit toute sa satisfaction et son impatience quant \u00e0 la concr\u00e9tisation de cette coop\u00e9ration naissante avec la SONAMINES.<\/p>\n<p>Enfin, il faut pr\u00e9ciser que l\u2019organisation Internationale du Bambou et du Rotin (INBAR) fond\u00e9e en 1977 avec son si\u00e8ge en Chine, est repr\u00e9sent\u00e9e dans cinquante pays dans le monde, soit 22 en Afrique. Elle est \u00e9galement engag\u00e9e dans plusieurs projets au Cameroun.<\/p>","protected":false},"excerpt":{"rendered":"<p>Le Directeur G\u00e9n\u00e9ral de la SONAMINES Serge Herv\u00e9 BOYOGUENO a accord\u00e9 une audience au Directeur G\u00e9n\u00e9ral de l\u2019organisation internationale du [&hellip;]<\/p>\n","protected":false},"author":3,"featured_media":1637,"comment_status":"closed","ping_status":"closed","sticky":false,"template":"","format":"standard","meta":{"_coblocks_attr":"","_coblocks_dimensions":"","_coblocks_responsive_height":"","_coblocks_accordion_ie_support":"","_uag_custom_page_level_css":"","footnotes":""},"categories":[4],"tags":[],"class_list":["post-1634","post","type-post","status-publish","format-standard","has-post-thumbnail","hentry","category-actualite"],"uagb_featured_image_src":{"full":["https:\/\/sonamines.cm\/wp-content\/uploads\/2024\/03\/restauration-et-rehabilitation-des-sites-miniers-orphelins-la-sonamines-et-inbar-en-phase-03.jpg?v=1711447836",809,1080,false],"thumbnail":["https:\/\/sonamines.cm\/wp-content\/uploads\/2024\/03\/restauration-et-rehabilitation-des-sites-miniers-orphelins-la-sonamines-et-inbar-en-phase-03-150x150.jpg?v=1711447836",150,150,true],"medium":["https:\/\/sonamines.cm\/wp-content\/uploads\/2024\/03\/restauration-et-rehabilitation-des-sites-miniers-orphelins-la-sonamines-et-inbar-en-phase-03-225x300.jpg?v=1711447836",225,300,true],"medium_large":["https:\/\/sonamines.cm\/wp-content\/uploads\/2024\/03\/restauration-et-rehabilitation-des-sites-miniers-orphelins-la-sonamines-et-inbar-en-phase-03-768x1025.jpg?v=1711447836",640,854,true],"large":["https:\/\/sonamines.cm\/wp-content\/uploads\/2024\/03\/restauration-et-rehabilitation-des-sites-miniers-orphelins-la-sonamines-et-inbar-en-phase-03-767x1024.jpg?v=1711447836",640,854,true],"1536x1536":["https:\/\/sonamines.cm\/wp-content\/uploads\/2024\/03\/restauration-et-rehabilitation-des-sites-miniers-orphelins-la-sonamines-et-inbar-en-phase-03.jpg?v=1711447836",809,1080,false],"2048x2048":["https:\/\/sonamines.cm\/wp-content\/uploads\/2024\/03\/restauration-et-rehabilitation-des-sites-miniers-orphelins-la-sonamines-et-inbar-en-phase-03.jpg?v=1711447836",809,1080,false],"trp-custom-language-flag":["https:\/\/sonamines.cm\/wp-content\/uploads\/2024\/03\/restauration-et-rehabilitation-des-sites-miniers-orphelins-la-sonamines-et-inbar-en-phase-03-9x12.jpg?v=1711447836",9,12,true]},"uagb_author_info":{"display_name":"SANDIE Gilles","author_link":"https:\/\/sonamines.cm\/en\/author\/gillessandie\/"},"uagb_comment_info":0,"uagb_excerpt":"Le Directeur G\u00e9n\u00e9ral de la SONAMINES Serge Herv\u00e9 BOYOGUENO a accord\u00e9 une audience au Directeur G\u00e9n\u00e9ral de l\u2019organisation internationale du [&hellip;]","_links":{"self":[{"href":"https:\/\/sonamines.cm\/en\/wp-json\/wp\/v2\/posts\/1634","targetHints":{"allow":["GET"]}}],"collection":[{"href":"https:\/\/sonamines.cm\/en\/wp-json\/wp\/v2\/posts"}],"about":[{"href":"https:\/\/sonamines.cm\/en\/wp-json\/wp\/v2\/types\/post"}],"author":[{"embeddable":true,"href":"https:\/\/sonamines.cm\/en\/wp-json\/wp\/v2\/users\/3"}],"replies":[{"embeddable":true,"href":"https:\/\/sonamines.cm\/en\/wp-json\/wp\/v2\/comments?post=1634"}],"version-history":[{"count":0,"href":"https:\/\/sonamines.cm\/en\/wp-json\/wp\/v2\/posts\/1634\/revisions"}],"wp:featuredmedia":[{"embeddable":true,"href":"https:\/\/sonamines.cm\/en\/wp-json\/wp\/v2\/media\/1637"}],"wp:attachment":[{"href":"https:\/\/sonamines.cm\/en\/wp-json\/wp\/v2\/media?parent=1634"}],"wp:term":[{"taxonomy":"category","embeddable":true,"href":"https:\/\/sonamines.cm\/en\/wp-json\/wp\/v2\/categories?post=1634"},{"taxonomy":"post_tag","embeddable":true,"href":"https:\/\/sonamines.cm\/en\/wp-json\/wp\/v2\/tags?post=1634"}],"curies":[{"name":"wp","href":"https:\/\/api.w.org\/{rel}","templated":true}]}}