{"id":1630,"date":"2024-03-26T10:06:32","date_gmt":"2024-03-26T10:06:32","guid":{"rendered":"https:\/\/sonamines.cm\/?p=1630"},"modified":"2024-03-26T10:06:32","modified_gmt":"2024-03-26T10:06:32","slug":"journee-internationale-de-la-femme-les-amazones-de-la-sonamines-a-lhonneur","status":"publish","type":"post","link":"https:\/\/sonamines.cm\/en\/journee-internationale-de-la-femme-les-amazones-de-la-sonamines-a-lhonneur\/","title":{"rendered":"Journ\u00e9e Internationale de la Femme : les amazones de la SONAMINES \u00e0 l\u2019honneur"},"content":{"rendered":"<blockquote><p><em>Les festivit\u00e9s de cette journ\u00e9e se sont d\u00e9roul\u00e9es le 8 mars 2024 \u00e0 l\u2019immeuble si\u00e8ge de l\u2019entreprise, sous le regard bienveillant du Directeur G\u00e9n\u00e9ral Adjoint de la SONAMINES.<\/em><\/p><\/blockquote>\n<p>Les amazones de la Soci\u00e9t\u00e9 Nationale des Mines ont communi\u00e9 en toute symbiose \u00e0 l\u2019occasion de la 39 <sup>-\u00e8me <\/sup>\u00e9dition de la journ\u00e9e Internationale de la Femme\u00a0; jour qui leur \u00e9tait d\u00e9di\u00e9 comme au reste de la gent f\u00e9minine \u00e0 travers le monde.<\/p>\n<p>Cette circonstance a servi de tribune pour la femme de la SONAMINES, \u00e0 l\u2019effet d\u2019exprimer sa gratitude au Top Management qui depuis la cr\u00e9ation de la jeune entreprise en d\u00e9cembre 2020, a plac\u00e9 sa confiance en la gent f\u00e9minine, pour relever avec elle ensemble les d\u00e9fis. Exhortation a \u00e9t\u00e9 faite par le porte-parole des femmes, Alice KPWANG, pour davantage \u00ab\u00a0<strong>Investir en faveur des femmes\u00a0: Acc\u00e9l\u00e9rer le rythme \u00bb, <\/strong>tel que l\u2019a pr\u00e9conis\u00e9 le th\u00e8me de l\u2019\u00e9dition.<\/p>\n<p>En effet, cela ne fait l\u2019ombre d\u2019aucun doute, les dirigeants de la SONAMINES ont compris l\u2019importance et le r\u00f4le majeur des Femmes pour le d\u00e9veloppement de cette entreprise. A leur poste de travail, elles \u0153uvrent au quotidien pour l\u2019atteinte des objectifs fix\u00e9s. Aussi, le Directeur G\u00e9n\u00e9ral Adjoint de la SONAMINES, FRU JOHNATHAN qui pr\u00e9sidait la c\u00e9r\u00e9monie r\u00e9cr\u00e9ative, a r\u00e9it\u00e9r\u00e9 l\u2019engagement du top management d\u2019acc\u00e9l\u00e9rer le rythme, afin de faire davantage pour la femme en activit\u00e9 \u00e0 la SONAMINES. Il a profit\u00e9 de cette occasion, pour appeler celles-ci \u00e0 mettre toutes les ressources dont-elles sont capables, au service de l\u2019entreprise qui ne saurait prendre son envol sans elles. Il a enfin engag\u00e9 tout le personnel au respect des valeurs de l\u2019entreprise \u00e0 savoir\u00a0: <strong>Le travail d\u2019\u00e9quipe, l\u2019int\u00e9grit\u00e9, la s\u00e9curit\u00e9, le respect, la responsabilit\u00e9, la viabilit\u00e9, la discipline, l\u2019auto-discipline, l\u2019auto-\u00e9valuation.<\/strong> Un hommage s\u2019en est suivi en sons et couleurs dans une ambiance emprunte de convivialit\u00e9, pour faire de ce moment de partage un lieu de coh\u00e9sion pour le bien etre en entreprise.<\/p>","protected":false},"excerpt":{"rendered":"<p>Les festivit\u00e9s de cette journ\u00e9e se sont d\u00e9roul\u00e9es le 8 mars 2024 \u00e0 l\u2019immeuble si\u00e8ge de l\u2019entreprise, sous le regard [&hellip;]<\/p>\n","protected":false},"author":3,"featured_media":1631,"comment_status":"closed","ping_status":"closed","sticky":false,"template":"","format":"standard","meta":{"_coblocks_attr":"","_coblocks_dimensions":"","_coblocks_responsive_height":"","_coblocks_accordion_ie_support":"","_uag_custom_page_level_css":"","footnotes":""},"categories":[4],"tags":[],"class_list":["post-1630","post","type-post","status-publish","format-standard","has-post-thumbnail","hentry","category-actualite"],"uagb_featured_image_src":{"full":["https:\/\/sonamines.cm\/wp-content\/uploads\/2024\/03\/journee-internationale-de-la-femme-les-amazones-de-la-sonamines-a-l-honneur-2024.jpg?v=1711447575",2088,1392,false],"thumbnail":["https:\/\/sonamines.cm\/wp-content\/uploads\/2024\/03\/journee-internationale-de-la-femme-les-amazones-de-la-sonamines-a-l-honneur-2024-150x150.jpg?v=1711447575",150,150,true],"medium":["https:\/\/sonamines.cm\/wp-content\/uploads\/2024\/03\/journee-internationale-de-la-femme-les-amazones-de-la-sonamines-a-l-honneur-2024-300x200.jpg?v=1711447575",300,200,true],"medium_large":["https:\/\/sonamines.cm\/wp-content\/uploads\/2024\/03\/journee-internationale-de-la-femme-les-amazones-de-la-sonamines-a-l-honneur-2024-768x512.jpg?v=1711447575",640,427,true],"large":["https:\/\/sonamines.cm\/wp-content\/uploads\/2024\/03\/journee-internationale-de-la-femme-les-amazones-de-la-sonamines-a-l-honneur-2024-1024x683.jpg?v=1711447575",640,427,true],"1536x1536":["https:\/\/sonamines.cm\/wp-content\/uploads\/2024\/03\/journee-internationale-de-la-femme-les-amazones-de-la-sonamines-a-l-honneur-2024-1536x1024.jpg?v=1711447575",1536,1024,true],"2048x2048":["https:\/\/sonamines.cm\/wp-content\/uploads\/2024\/03\/journee-internationale-de-la-femme-les-amazones-de-la-sonamines-a-l-honneur-2024-2048x1365.jpg?v=1711447575",2048,1365,true],"trp-custom-language-flag":["https:\/\/sonamines.cm\/wp-content\/uploads\/2024\/03\/journee-internationale-de-la-femme-les-amazones-de-la-sonamines-a-l-honneur-2024-18x12.jpg?v=1711447575",18,12,true]},"uagb_author_info":{"display_name":"SANDIE Gilles","author_link":"https:\/\/sonamines.cm\/en\/author\/gillessandie\/"},"uagb_comment_info":0,"uagb_excerpt":"Les festivit\u00e9s de cette journ\u00e9e se sont d\u00e9roul\u00e9es le 8 mars 2024 \u00e0 l\u2019immeuble si\u00e8ge de l\u2019entreprise, sous le regard [&hellip;]","_links":{"self":[{"href":"https:\/\/sonamines.cm\/en\/wp-json\/wp\/v2\/posts\/1630","targetHints":{"allow":["GET"]}}],"collection":[{"href":"https:\/\/sonamines.cm\/en\/wp-json\/wp\/v2\/posts"}],"about":[{"href":"https:\/\/sonamines.cm\/en\/wp-json\/wp\/v2\/types\/post"}],"author":[{"embeddable":true,"href":"https:\/\/sonamines.cm\/en\/wp-json\/wp\/v2\/users\/3"}],"replies":[{"embeddable":true,"href":"https:\/\/sonamines.cm\/en\/wp-json\/wp\/v2\/comments?post=1630"}],"version-history":[{"count":0,"href":"https:\/\/sonamines.cm\/en\/wp-json\/wp\/v2\/posts\/1630\/revisions"}],"wp:featuredmedia":[{"embeddable":true,"href":"https:\/\/sonamines.cm\/en\/wp-json\/wp\/v2\/media\/1631"}],"wp:attachment":[{"href":"https:\/\/sonamines.cm\/en\/wp-json\/wp\/v2\/media?parent=1630"}],"wp:term":[{"taxonomy":"category","embeddable":true,"href":"https:\/\/sonamines.cm\/en\/wp-json\/wp\/v2\/categories?post=1630"},{"taxonomy":"post_tag","embeddable":true,"href":"https:\/\/sonamines.cm\/en\/wp-json\/wp\/v2\/tags?post=1630"}],"curies":[{"name":"wp","href":"https:\/\/api.w.org\/{rel}","templated":true}]}}