{"id":1495,"date":"2023-11-02T09:03:01","date_gmt":"2023-11-02T09:03:01","guid":{"rendered":"https:\/\/sonamines.cm\/?p=1495"},"modified":"2023-11-02T09:06:14","modified_gmt":"2023-11-02T09:06:14","slug":"developpement-du-secteur-minier-vers-une-demarche-consensuelle","status":"publish","type":"post","link":"https:\/\/sonamines.cm\/en\/developpement-du-secteur-minier-vers-une-demarche-consensuelle\/","title":{"rendered":"D\u00e9veloppement du secteur minier : Vers une d\u00e9marche consensuelle"},"content":{"rendered":"<p><em>C\u2019est l\u2019objectif principal du d\u00e9jeuner de travail organis\u00e9 par la Sonamines avec les principales soci\u00e9t\u00e9s mini\u00e8res actives au Cameroun.<\/em><\/p>\n<p>Elles \u00e9taient nombreuses, le mercredi 18 octobre 2023, \u00e0 l\u2019h\u00f4tel Hilton de Yaound\u00e9, pour participer \u00e0 cette importante rencontre. Et pour cause, le sort du secteur minier camerounais, dont-elles sont les principales actrices, les interpelle au premier chef, qu\u2019elles soient engag\u00e9es dans les activit\u00e9s d\u2019exploration ou d\u2019exploitation mini\u00e8re sur le triangle national.<\/p>\n<p>L\u2019occasion \u00e9tait donc toute trouv\u00e9e pour le Directeur G\u00e9n\u00e9ral de la Sonamines, Serge Herv\u00e9 Boyogueno, pour pr\u00e9senter l\u2019entreprise dont il a la charge.\u00a0 Dans sa pr\u00e9sentation, il a fait savoir \u00e0 ses h\u00f4tes, que l\u2019av\u00e8nement de la SONAMINES, investie des missions de d\u00e9veloppement et de promotion du secteur minier Camerounais, \u00e0 l&#8217;exception des hydrocarbures et des substances des carri\u00e8res, est la manifestation de la ferme volont\u00e9 du Pr\u00e9sident de la R\u00e9publique, de donner une plus grande envergure audit secteur.<\/p>\n<p>Pour jouer efficacement son r\u00f4le de bras s\u00e9culier de l\u2019Etat, elle s\u2019est dot\u00e9e d\u2019un plan strat\u00e9gique de d\u00e9veloppement 2023-2030, qui va permettre par la m\u00eame occasion, de donner un nouveau visage au secteur minier camerounais, tout en am\u00e9liorant la contribution de ce dernier, au Produit Int\u00e9rieur Brut du pays.<\/p>\n<p>Le moment est donc propice pour la SONAMINES, \u00e0 l\u2019\u00e8re de l\u2019exploitation industrielle des ressources min\u00e9rales du Cameroun, pour mobiliser toutes les soci\u00e9t\u00e9s mini\u00e8res priv\u00e9es, en vue d\u2019\u00e9tablir une plate-forme de collaboration, \u00e0 m\u00eame de faciliter les \u00e9changes entre partenaires.<\/p>\n<p>Cette op\u00e9ration de charme a \u00e9galement permis \u00e0 la Sonamines, de pr\u00e9senter les diff\u00e9rents types d\u2019accompagnement qu\u2019elle peut offrir \u00e0 ses partenaires notamment, son expertise technique pour le d\u00e9veloppement et la r\u00e9alisation des projets\u00a0miniers, un accompagnement sur mesure pendant les diff\u00e9rentes phase des projets miniers, l\u2019interm\u00e9diation dans la recherche des partenaires strat\u00e9giques, une assistance technique dans la fourniture d\u2019\u00e9quipements pour le d\u00e9veloppement des projets miniers\u00a0pour ne citer que celles-l\u00e0.<\/p>\n<p>En r\u00e9action \u00e0 ce d\u00e9ploiement, les soci\u00e9t\u00e9s mini\u00e8res ce sont dites favorables \u00e0 la d\u00e9marche propos\u00e9e, qui devra se faire de mani\u00e8re personnalis\u00e9e dans un premier temps. Elles ont par la suite, fait part des difficult\u00e9s qu\u2019elles rencontrent dans la r\u00e9alisation de leurs projets respectifs, tout en sollicitant l\u2019accompagnement de la Sonamines.<\/p>\n<p>Au terme des travaux, les participants ont exprim\u00e9 le souhait de voir se multiplier ce type de cadre d\u2019\u00e9changes, afin d\u2019avancer ensemble.<\/p>","protected":false},"excerpt":{"rendered":"<p>C\u2019est l\u2019objectif principal du d\u00e9jeuner de travail organis\u00e9 par la Sonamines avec les principales soci\u00e9t\u00e9s mini\u00e8res actives au Cameroun. Elles [&hellip;]<\/p>\n","protected":false},"author":3,"featured_media":1496,"comment_status":"open","ping_status":"open","sticky":false,"template":"","format":"standard","meta":{"_coblocks_attr":"","_coblocks_dimensions":"","_coblocks_responsive_height":"","_coblocks_accordion_ie_support":"","_uag_custom_page_level_css":"","footnotes":""},"categories":[3,4],"tags":[],"class_list":["post-1495","post","type-post","status-publish","format-standard","has-post-thumbnail","hentry","category-activite","category-actualite"],"uagb_featured_image_src":{"full":["https:\/\/sonamines.cm\/wp-content\/uploads\/2023\/11\/developpement-du-secteur-minier-vers-une-demarche-consensuelle-2023-01.jpg?v=1698915750",1080,717,false],"thumbnail":["https:\/\/sonamines.cm\/wp-content\/uploads\/2023\/11\/developpement-du-secteur-minier-vers-une-demarche-consensuelle-2023-01-150x150.jpg?v=1698915750",150,150,true],"medium":["https:\/\/sonamines.cm\/wp-content\/uploads\/2023\/11\/developpement-du-secteur-minier-vers-une-demarche-consensuelle-2023-01-300x199.jpg?v=1698915750",300,199,true],"medium_large":["https:\/\/sonamines.cm\/wp-content\/uploads\/2023\/11\/developpement-du-secteur-minier-vers-une-demarche-consensuelle-2023-01-768x510.jpg?v=1698915750",640,425,true],"large":["https:\/\/sonamines.cm\/wp-content\/uploads\/2023\/11\/developpement-du-secteur-minier-vers-une-demarche-consensuelle-2023-01-1024x680.jpg?v=1698915750",640,425,true],"1536x1536":["https:\/\/sonamines.cm\/wp-content\/uploads\/2023\/11\/developpement-du-secteur-minier-vers-une-demarche-consensuelle-2023-01.jpg?v=1698915750",1080,717,false],"2048x2048":["https:\/\/sonamines.cm\/wp-content\/uploads\/2023\/11\/developpement-du-secteur-minier-vers-une-demarche-consensuelle-2023-01.jpg?v=1698915750",1080,717,false],"trp-custom-language-flag":["https:\/\/sonamines.cm\/wp-content\/uploads\/2023\/11\/developpement-du-secteur-minier-vers-une-demarche-consensuelle-2023-01-18x12.jpg?v=1698915750",18,12,true]},"uagb_author_info":{"display_name":"SANDIE Gilles","author_link":"https:\/\/sonamines.cm\/en\/author\/gillessandie\/"},"uagb_comment_info":0,"uagb_excerpt":"C\u2019est l\u2019objectif principal du d\u00e9jeuner de travail organis\u00e9 par la Sonamines avec les principales soci\u00e9t\u00e9s mini\u00e8res actives au Cameroun. Elles [&hellip;]","_links":{"self":[{"href":"https:\/\/sonamines.cm\/en\/wp-json\/wp\/v2\/posts\/1495","targetHints":{"allow":["GET"]}}],"collection":[{"href":"https:\/\/sonamines.cm\/en\/wp-json\/wp\/v2\/posts"}],"about":[{"href":"https:\/\/sonamines.cm\/en\/wp-json\/wp\/v2\/types\/post"}],"author":[{"embeddable":true,"href":"https:\/\/sonamines.cm\/en\/wp-json\/wp\/v2\/users\/3"}],"replies":[{"embeddable":true,"href":"https:\/\/sonamines.cm\/en\/wp-json\/wp\/v2\/comments?post=1495"}],"version-history":[{"count":0,"href":"https:\/\/sonamines.cm\/en\/wp-json\/wp\/v2\/posts\/1495\/revisions"}],"wp:featuredmedia":[{"embeddable":true,"href":"https:\/\/sonamines.cm\/en\/wp-json\/wp\/v2\/media\/1496"}],"wp:attachment":[{"href":"https:\/\/sonamines.cm\/en\/wp-json\/wp\/v2\/media?parent=1495"}],"wp:term":[{"taxonomy":"category","embeddable":true,"href":"https:\/\/sonamines.cm\/en\/wp-json\/wp\/v2\/categories?post=1495"},{"taxonomy":"post_tag","embeddable":true,"href":"https:\/\/sonamines.cm\/en\/wp-json\/wp\/v2\/tags?post=1495"}],"curies":[{"name":"wp","href":"https:\/\/api.w.org\/{rel}","templated":true}]}}