{"id":1485,"date":"2023-10-10T16:39:14","date_gmt":"2023-10-10T16:39:14","guid":{"rendered":"https:\/\/sonamines.cm\/?p=1485"},"modified":"2023-10-10T16:39:21","modified_gmt":"2023-10-10T16:39:21","slug":"vie-en-entreprise-la-sonamines-consolide-son-esprit-dequipe","status":"publish","type":"post","link":"https:\/\/sonamines.cm\/en\/vie-en-entreprise-la-sonamines-consolide-son-esprit-dequipe\/","title":{"rendered":"VIE EN ENTREPRISE\u00a0: La SONAMINES consolide son esprit d\u2019\u00e9quipe"},"content":{"rendered":"<p><em>La premi\u00e8re \u00e9dition de la journ\u00e9e d\u2019entreprise SONAMINES, s\u2019est tenue le vendredi 06 octobre 2023 en son immeuble si\u00e8ge, en pr\u00e9sence du personnel des Bureaux Locaux.<\/em><\/p>\n\n\n\n<p>Promouvoir l\u2019esprit d\u2019\u00e9quipe et susciter l\u2019adh\u00e9sion de tous aux objectifs de la SONAMINES, tel \u00e9tait l\u2019objectif des travaux de la premi\u00e8re \u00e9dition de la Journ\u00e9e de l\u2019entreprise SONAMINES, qui se sont tenus dans une ambiance bonne enfant.<\/p>\n\n\n\n<p>Au menu de la journ\u00e9e, une session de formation<a> aux allures de team building, sur le th\u00e8me&nbsp;:<\/a><strong> \u00ab construire une culture d\u2019entreprise forte et d\u00e9velopper un esprit d\u2019\u00e9quipe solide \u00e0 la SONAMINES&nbsp;<\/strong><strong>\u00bb.<\/strong><\/p>\n\n\n\n<p>Jean Paul Tchomdou, consultant en communication, producteur et coach, invit\u00e9 \u00e0 l\u2019occasion par le Top Management, a tenu en haleine le personnel de la SONAMINES soucieux de s\u2019outiller pour plus de performances. Plus de 3h d\u2019\u00e9changes, avec \u00e0 la cl\u00e9, les pr\u00e9mices d\u2019une coh\u00e9sion sociale renforc\u00e9e.<\/p>\n\n\n\n<p>Cette journ\u00e9e \u00e9tait donc l\u2019occasion de r\u00e9volutionner l\u2019efficacit\u00e9 et l\u2019efficience de la SONAMINES, dans la mise en \u0153uvre de ses missions. Elle a \u00e9galement permis de mettre en relief, un puissant levier de communication interne, en d\u00e9veloppant un capital humain \u00e0 l\u2019\u00e9chelle de l\u2019\u00e9quipe, \u00e0 travers les notions acquises.<\/p>\n\n\n\n<p>A l\u2019issue de cette journ\u00e9e, la team SONAMINES a compris comme l\u2019a si bien dit Henry Ford que&nbsp;: <strong><em>\u00ab se r\u00e9unir est un but, rester ensemble est un progr\u00e8s, travailler ensemble est la r\u00e9ussite. La vraie r\u00e9ussite d\u2019une \u00e9quipe, c\u2019est d\u2019assurer la comp\u00e9titivit\u00e9 dans la p\u00e9rennit\u00e9, la r\u00e9ussite appartient \u00e0 tout le monde. C\u2019est au travail d\u2019\u00e9quipe qu\u2019en revient le m\u00e9rite&nbsp;\u00bb.<\/em><\/strong><\/p>\n\n\n\n<p>The General Manager <strong>Serges Herv\u00e9 BOYOGUENO <\/strong>pr\u00e9sent aux c\u00f4t\u00e9s de ses collaborateurs,a r\u00e9it\u00e9r\u00e9 son souhait d\u2019avoir une \u00e9quipe soud\u00e9e et par\u00e9e \u00e0 toutes les \u00e9preuves et challenges.<\/p>\n\n\n\n<p>En somme, le processus lanc\u00e9 au cours de ce concept, permettra \u00e0 coup s\u00fbr d\u2019am\u00e9liorer la qualit\u00e9 de vie au travail,&nbsp;afin de stimuler la cr\u00e9ativit\u00e9 de chaque personnel de la SONAMINES, pour v\u00e9hiculer les valeurs et une image de prestige de la jeune structure.<\/p>","protected":false},"excerpt":{"rendered":"<p>La premi\u00e8re \u00e9dition de la journ\u00e9e d\u2019entreprise SONAMINES, s\u2019est tenue le vendredi 06 octobre 2023 en son immeuble si\u00e8ge, en pr\u00e9sence du personnel des Bureaux Locaux.<\/p>","protected":false},"author":1,"featured_media":1486,"comment_status":"open","ping_status":"open","sticky":false,"template":"","format":"standard","meta":{"_coblocks_attr":"","_coblocks_dimensions":"","_coblocks_responsive_height":"","_coblocks_accordion_ie_support":"","_uag_custom_page_level_css":"","footnotes":""},"categories":[3,4],"tags":[],"class_list":["post-1485","post","type-post","status-publish","format-standard","has-post-thumbnail","hentry","category-activite","category-actualite"],"uagb_featured_image_src":{"full":["https:\/\/sonamines.cm\/wp-content\/uploads\/2023\/10\/WhatsApp-Image-2023-10-10-at-17.21.28.jpeg?v=1696955907",936,432,false],"thumbnail":["https:\/\/sonamines.cm\/wp-content\/uploads\/2023\/10\/WhatsApp-Image-2023-10-10-at-17.21.28-150x150.jpeg?v=1696955907",150,150,true],"medium":["https:\/\/sonamines.cm\/wp-content\/uploads\/2023\/10\/WhatsApp-Image-2023-10-10-at-17.21.28-300x138.jpeg?v=1696955907",300,138,true],"medium_large":["https:\/\/sonamines.cm\/wp-content\/uploads\/2023\/10\/WhatsApp-Image-2023-10-10-at-17.21.28-768x354.jpeg?v=1696955907",640,295,true],"large":["https:\/\/sonamines.cm\/wp-content\/uploads\/2023\/10\/WhatsApp-Image-2023-10-10-at-17.21.28.jpeg?v=1696955907",640,295,false],"1536x1536":["https:\/\/sonamines.cm\/wp-content\/uploads\/2023\/10\/WhatsApp-Image-2023-10-10-at-17.21.28.jpeg?v=1696955907",936,432,false],"2048x2048":["https:\/\/sonamines.cm\/wp-content\/uploads\/2023\/10\/WhatsApp-Image-2023-10-10-at-17.21.28.jpeg?v=1696955907",936,432,false],"trp-custom-language-flag":["https:\/\/sonamines.cm\/wp-content\/uploads\/2023\/10\/WhatsApp-Image-2023-10-10-at-17.21.28-18x8.jpeg?v=1696955907",18,8,true]},"uagb_author_info":{"display_name":"admin","author_link":"https:\/\/sonamines.cm\/en\/author\/lewatt23\/"},"uagb_comment_info":0,"uagb_excerpt":"La premi\u00e8re \u00e9dition de la journ\u00e9e d\u2019entreprise SONAMINES, s\u2019est tenue le vendredi 06 octobre 2023 en son immeuble si\u00e8ge, en pr\u00e9sence du personnel des Bureaux Locaux.","_links":{"self":[{"href":"https:\/\/sonamines.cm\/en\/wp-json\/wp\/v2\/posts\/1485","targetHints":{"allow":["GET"]}}],"collection":[{"href":"https:\/\/sonamines.cm\/en\/wp-json\/wp\/v2\/posts"}],"about":[{"href":"https:\/\/sonamines.cm\/en\/wp-json\/wp\/v2\/types\/post"}],"author":[{"embeddable":true,"href":"https:\/\/sonamines.cm\/en\/wp-json\/wp\/v2\/users\/1"}],"replies":[{"embeddable":true,"href":"https:\/\/sonamines.cm\/en\/wp-json\/wp\/v2\/comments?post=1485"}],"version-history":[{"count":0,"href":"https:\/\/sonamines.cm\/en\/wp-json\/wp\/v2\/posts\/1485\/revisions"}],"wp:featuredmedia":[{"embeddable":true,"href":"https:\/\/sonamines.cm\/en\/wp-json\/wp\/v2\/media\/1486"}],"wp:attachment":[{"href":"https:\/\/sonamines.cm\/en\/wp-json\/wp\/v2\/media?parent=1485"}],"wp:term":[{"taxonomy":"category","embeddable":true,"href":"https:\/\/sonamines.cm\/en\/wp-json\/wp\/v2\/categories?post=1485"},{"taxonomy":"post_tag","embeddable":true,"href":"https:\/\/sonamines.cm\/en\/wp-json\/wp\/v2\/tags?post=1485"}],"curies":[{"name":"wp","href":"https:\/\/api.w.org\/{rel}","templated":true}]}}