{"id":1443,"date":"2023-10-03T13:23:07","date_gmt":"2023-10-03T13:23:07","guid":{"rendered":"https:\/\/sonamines.cm\/?p=1443"},"modified":"2023-10-03T13:23:07","modified_gmt":"2023-10-03T13:23:07","slug":"operation-zero-enfant-dans-la-mine-troisieme-edition-honoree","status":"publish","type":"post","link":"https:\/\/sonamines.cm\/en\/operation-zero-enfant-dans-la-mine-troisieme-edition-honoree\/","title":{"rendered":"Op\u00e9ration Z\u00e9ro Enfant dans la Mine : Troisi\u00e8me \u00e9dition honor\u00e9e"},"content":{"rendered":"<p><em>La caravane de cette op\u00e9ration a d\u00e9pos\u00e9 ses valises dans les localit\u00e9s de Batouri, Kette , Colomine et B\u00e9tar\u00e9 Oya du 25 au 28 Septembre 2023.<\/em><\/p>\n<p>Trois ans que \u00e7a dure et le pari a une fois de plus \u00e9t\u00e9 relev\u00e9 par la Soci\u00e9t\u00e9 Nationale des Mines, dans 29 \u00e9coles primaires de certaines localit\u00e9s de la R\u00e9gion de l\u2019Est. Cette \u00e9dition qui a connu la mobilisation des partenaires bilat\u00e9raux a \u00e9t\u00e9 marqu\u00e9e par la formation des relais communautaires qui d\u00e9sormais \u0153uvrent aux c\u00f4t\u00e9s de la SONAMINES dans le cadre de la lutte contre le travail des enfants dans les chantiers miniers.<\/p>\n<p>Les campagnes de sensibilisations qui se sont \u00e9largies aux causeries \u00e9ducatives avec les autorit\u00e9s administratives, traditionnelles et religieuses ont servi de pr\u00e9texte pour pr\u00e9senter aux diff\u00e9rents participants les contours du ph\u00e9nom\u00e8ne du travail des enfants dans la mine et leurs cons\u00e9quences.<br \/>\nRetour en images sur la 3\u00e8me \u00e9dition de \u00ab l\u2019Op\u00e9ration Z\u00e9ro Enfant dans la Mine \u00bb \u2026<\/p>\n<style type=\"text\/css\">\n#foogallery-gallery-1447 .fg-image { width: 150px; }\n#foogallery-gallery-1447 { --fg-gutter: 10px; }<\/style>\n\t\t\t<div class=\"foogallery foogallery-container foogallery-default foogallery-lightbox-foogallery fg-center fg-default fg-ready fg-light fg-border-thin fg-shadow-outline fg-loading-default fg-loaded-fade-in fg-caption-hover fg-hover-fade fg-hover-zoom\" id=\"foogallery-gallery-1447\" data-foogallery=\"{&quot;item&quot;:{&quot;showCaptionTitle&quot;:true,&quot;showCaptionDescription&quot;:true},&quot;lazy&quot;:true}\" data-foogallery-lightbox=\"{&quot;thumbs&quot;:&quot;bottom&quot;,&quot;thumbsCaptions&quot;:false,&quot;thumbsBestFit&quot;:false,&quot;thumbsSmall&quot;:false,&quot;thumbsCaptionsAlign&quot;:&quot;default&quot;,&quot;info&quot;:&quot;bottom&quot;,&quot;infoVisible&quot;:true,&quot;infoOverlay&quot;:true,&quot;infoAlign&quot;:&quot;default&quot;,&quot;transition&quot;:&quot;fade&quot;,&quot;hoverButtons&quot;:false,&quot;fitMedia&quot;:false,&quot;noScrollbars&quot;:true,&quot;preserveButtonSpace&quot;:true,&quot;buttons&quot;:{&quot;fullscreen&quot;:true,&quot;info&quot;:true,&quot;thumbs&quot;:false},&quot;video&quot;:{&quot;autoPlay&quot;:true}}\" style=\"--fg-title-line-clamp: 0; --fg-description-line-clamp: 0;\" >\n\t<div class=\"fg-item fg-type-image fg-idle\"><figure class=\"fg-item-inner\"><a href=\"https:\/\/sonamines.cm\/wp-content\/uploads\/2023\/10\/3e-edition-operation-zero-enfant-dans-mines-2023-06.jpg\" data-attachment-id=\"1450\" data-type=\"image\" class=\"fg-thumb\"><span class=\"fg-image-wrap\"><img decoding=\"async\" width=\"150\" height=\"150\" class=\"skip-lazy fg-image\" data-src-fg=\"https:\/\/sonamines.cm\/wp-content\/uploads\/cache\/2023\/10\/3e-edition-operation-zero-enfant-dans-mines-2023-06\/3482421853.jpg\" src=\"data:image\/svg+xml,%3Csvg%20xmlns%3D%22http%3A%2F%2Fwww.w3.org%2F2000%2Fsvg%22%20width%3D%22150%22%20height%3D%22150%22%20viewBox%3D%220%200%20150%20150%22%3E%3C%2Fsvg%3E\" loading=\"eager\"><\/span><span class=\"fg-image-overlay\"><\/span><\/a><\/figure><div class=\"fg-loader\"><\/div><\/div><div class=\"fg-item fg-type-image fg-idle\"><figure class=\"fg-item-inner\"><a href=\"https:\/\/sonamines.cm\/wp-content\/uploads\/2023\/10\/3e-edition-operation-zero-enfant-dans-mines-2023-05.jpg\" data-attachment-id=\"1449\" data-type=\"image\" class=\"fg-thumb\"><span class=\"fg-image-wrap\"><img decoding=\"async\" width=\"150\" height=\"150\" class=\"skip-lazy fg-image\" data-src-fg=\"https:\/\/sonamines.cm\/wp-content\/uploads\/cache\/2023\/10\/3e-edition-operation-zero-enfant-dans-mines-2023-05\/1908406716.jpg\" src=\"data:image\/svg+xml,%3Csvg%20xmlns%3D%22http%3A%2F%2Fwww.w3.org%2F2000%2Fsvg%22%20width%3D%22150%22%20height%3D%22150%22%20viewBox%3D%220%200%20150%20150%22%3E%3C%2Fsvg%3E\" loading=\"eager\"><\/span><span class=\"fg-image-overlay\"><\/span><\/a><\/figure><div class=\"fg-loader\"><\/div><\/div><div class=\"fg-item fg-type-image fg-idle\"><figure class=\"fg-item-inner\"><a href=\"https:\/\/sonamines.cm\/wp-content\/uploads\/2023\/10\/3e-edition-operation-zero-enfant-dans-mines-2023-04.jpg\" data-attachment-id=\"1448\" data-type=\"image\" class=\"fg-thumb\"><span class=\"fg-image-wrap\"><img decoding=\"async\" width=\"150\" height=\"150\" class=\"skip-lazy fg-image\" data-src-fg=\"https:\/\/sonamines.cm\/wp-content\/uploads\/cache\/2023\/10\/3e-edition-operation-zero-enfant-dans-mines-2023-04\/1373681538.jpg\" src=\"data:image\/svg+xml,%3Csvg%20xmlns%3D%22http%3A%2F%2Fwww.w3.org%2F2000%2Fsvg%22%20width%3D%22150%22%20height%3D%22150%22%20viewBox%3D%220%200%20150%20150%22%3E%3C%2Fsvg%3E\" loading=\"eager\"><\/span><span class=\"fg-image-overlay\"><\/span><\/a><\/figure><div class=\"fg-loader\"><\/div><\/div><div class=\"fg-item fg-type-image fg-idle\"><figure class=\"fg-item-inner\"><a href=\"https:\/\/sonamines.cm\/wp-content\/uploads\/2023\/10\/3e-edition-operation-zero-enfant-dans-mines-2023-03.jpg\" data-attachment-id=\"1446\" data-type=\"image\" class=\"fg-thumb\"><span class=\"fg-image-wrap\"><img decoding=\"async\" width=\"150\" height=\"150\" class=\"skip-lazy fg-image\" data-src-fg=\"https:\/\/sonamines.cm\/wp-content\/uploads\/cache\/2023\/10\/3e-edition-operation-zero-enfant-dans-mines-2023-03\/1458012060.jpg\" src=\"data:image\/svg+xml,%3Csvg%20xmlns%3D%22http%3A%2F%2Fwww.w3.org%2F2000%2Fsvg%22%20width%3D%22150%22%20height%3D%22150%22%20viewBox%3D%220%200%20150%20150%22%3E%3C%2Fsvg%3E\" loading=\"eager\"><\/span><span class=\"fg-image-overlay\"><\/span><\/a><\/figure><div class=\"fg-loader\"><\/div><\/div><div class=\"fg-item fg-type-image fg-idle\"><figure class=\"fg-item-inner\"><a href=\"https:\/\/sonamines.cm\/wp-content\/uploads\/2023\/10\/3e-edition-operation-zero-enfant-dans-mines-2023-02.jpg\" data-attachment-id=\"1445\" data-type=\"image\" class=\"fg-thumb\"><span class=\"fg-image-wrap\"><img decoding=\"async\" width=\"150\" height=\"150\" class=\"skip-lazy fg-image\" data-src-fg=\"https:\/\/sonamines.cm\/wp-content\/uploads\/cache\/2023\/10\/3e-edition-operation-zero-enfant-dans-mines-2023-02\/1948494499.jpg\" src=\"data:image\/svg+xml,%3Csvg%20xmlns%3D%22http%3A%2F%2Fwww.w3.org%2F2000%2Fsvg%22%20width%3D%22150%22%20height%3D%22150%22%20viewBox%3D%220%200%20150%20150%22%3E%3C%2Fsvg%3E\" loading=\"eager\"><\/span><span class=\"fg-image-overlay\"><\/span><\/a><\/figure><div class=\"fg-loader\"><\/div><\/div><div class=\"fg-item fg-type-image fg-idle\"><figure class=\"fg-item-inner\"><a href=\"https:\/\/sonamines.cm\/wp-content\/uploads\/2023\/10\/3e-edition-operation-zero-enfant-dans-mines-2023-01.jpg\" data-attachment-id=\"1444\" data-type=\"image\" class=\"fg-thumb\"><span class=\"fg-image-wrap\"><img decoding=\"async\" width=\"150\" height=\"150\" class=\"skip-lazy fg-image\" data-src-fg=\"https:\/\/sonamines.cm\/wp-content\/uploads\/cache\/2023\/10\/3e-edition-operation-zero-enfant-dans-mines-2023-01\/374989792.jpg\" src=\"data:image\/svg+xml,%3Csvg%20xmlns%3D%22http%3A%2F%2Fwww.w3.org%2F2000%2Fsvg%22%20width%3D%22150%22%20height%3D%22150%22%20viewBox%3D%220%200%20150%20150%22%3E%3C%2Fsvg%3E\" loading=\"eager\"><\/span><span class=\"fg-image-overlay\"><\/span><\/a><\/figure><div class=\"fg-loader\"><\/div><\/div><\/div>","protected":false},"excerpt":{"rendered":"<p>La caravane de cette op\u00e9ration a d\u00e9pos\u00e9 ses valises dans les localit\u00e9s de Batouri, Kette , Colomine et B\u00e9tar\u00e9 Oya [&hellip;]<\/p>\n","protected":false},"author":3,"featured_media":1450,"comment_status":"open","ping_status":"open","sticky":false,"template":"","format":"standard","meta":{"_coblocks_attr":"","_coblocks_dimensions":"","_coblocks_responsive_height":"","_coblocks_accordion_ie_support":"","_uag_custom_page_level_css":"","footnotes":""},"categories":[4],"tags":[21],"class_list":["post-1443","post","type-post","status-publish","format-standard","has-post-thumbnail","hentry","category-actualite","tag-3e-edition-operation-zero-enfant-dans-les-mines-2023"],"uagb_featured_image_src":{"full":["https:\/\/sonamines.cm\/wp-content\/uploads\/2023\/10\/3e-edition-operation-zero-enfant-dans-mines-2023-06.jpg?v=1696339347",1080,720,false],"thumbnail":["https:\/\/sonamines.cm\/wp-content\/uploads\/2023\/10\/3e-edition-operation-zero-enfant-dans-mines-2023-06-150x150.jpg?v=1696339347",150,150,true],"medium":["https:\/\/sonamines.cm\/wp-content\/uploads\/2023\/10\/3e-edition-operation-zero-enfant-dans-mines-2023-06-300x200.jpg?v=1696339347",300,200,true],"medium_large":["https:\/\/sonamines.cm\/wp-content\/uploads\/2023\/10\/3e-edition-operation-zero-enfant-dans-mines-2023-06-768x512.jpg?v=1696339347",640,427,true],"large":["https:\/\/sonamines.cm\/wp-content\/uploads\/2023\/10\/3e-edition-operation-zero-enfant-dans-mines-2023-06-1024x683.jpg?v=1696339347",640,427,true],"1536x1536":["https:\/\/sonamines.cm\/wp-content\/uploads\/2023\/10\/3e-edition-operation-zero-enfant-dans-mines-2023-06.jpg?v=1696339347",1080,720,false],"2048x2048":["https:\/\/sonamines.cm\/wp-content\/uploads\/2023\/10\/3e-edition-operation-zero-enfant-dans-mines-2023-06.jpg?v=1696339347",1080,720,false],"trp-custom-language-flag":["https:\/\/sonamines.cm\/wp-content\/uploads\/2023\/10\/3e-edition-operation-zero-enfant-dans-mines-2023-06-18x12.jpg?v=1696339347",18,12,true]},"uagb_author_info":{"display_name":"SANDIE Gilles","author_link":"https:\/\/sonamines.cm\/en\/author\/gillessandie\/"},"uagb_comment_info":1,"uagb_excerpt":"La caravane de cette op\u00e9ration a d\u00e9pos\u00e9 ses valises dans les localit\u00e9s de Batouri, Kette , Colomine et B\u00e9tar\u00e9 Oya [&hellip;]","_links":{"self":[{"href":"https:\/\/sonamines.cm\/en\/wp-json\/wp\/v2\/posts\/1443","targetHints":{"allow":["GET"]}}],"collection":[{"href":"https:\/\/sonamines.cm\/en\/wp-json\/wp\/v2\/posts"}],"about":[{"href":"https:\/\/sonamines.cm\/en\/wp-json\/wp\/v2\/types\/post"}],"author":[{"embeddable":true,"href":"https:\/\/sonamines.cm\/en\/wp-json\/wp\/v2\/users\/3"}],"replies":[{"embeddable":true,"href":"https:\/\/sonamines.cm\/en\/wp-json\/wp\/v2\/comments?post=1443"}],"version-history":[{"count":0,"href":"https:\/\/sonamines.cm\/en\/wp-json\/wp\/v2\/posts\/1443\/revisions"}],"wp:featuredmedia":[{"embeddable":true,"href":"https:\/\/sonamines.cm\/en\/wp-json\/wp\/v2\/media\/1450"}],"wp:attachment":[{"href":"https:\/\/sonamines.cm\/en\/wp-json\/wp\/v2\/media?parent=1443"}],"wp:term":[{"taxonomy":"category","embeddable":true,"href":"https:\/\/sonamines.cm\/en\/wp-json\/wp\/v2\/categories?post=1443"},{"taxonomy":"post_tag","embeddable":true,"href":"https:\/\/sonamines.cm\/en\/wp-json\/wp\/v2\/tags?post=1443"}],"curies":[{"name":"wp","href":"https:\/\/api.w.org\/{rel}","templated":true}]}}