{"id":1337,"date":"2023-06-06T16:06:10","date_gmt":"2023-06-06T16:06:10","guid":{"rendered":"https:\/\/sonamines.cm\/?p=1337"},"modified":"2023-08-16T13:44:05","modified_gmt":"2023-08-16T13:44:05","slug":"operation-zero-enfant-dans-la-mine-la-sonamines-a-la-conquete-des-partenaires","status":"publish","type":"post","link":"https:\/\/sonamines.cm\/en\/operation-zero-enfant-dans-la-mine-la-sonamines-a-la-conquete-des-partenaires\/","title":{"rendered":"Op\u00e9ration Z\u00e9ro Enfant Dans la Mine : La SONAMINES \u00e0 la conqu\u00eate des partenaires"},"content":{"rendered":"<p>Une concertation avec les organisations internationales sous la houlette du Minist\u00e8re des Relations Ext\u00e9rieures, s\u2019est tenue le 02 juin dernier en vue de mettre \u00e0 contribution ces partenaires du Cameroun, dans le cadre de la lutte contre le travail des enfants dans la mine et la promotion le secteur minier.<\/p>\n<p>Pr\u00e9senter le projet \u00ab Z\u00e9ro Enfant dans la mine \u00bb aux Organisations du Syst\u00e8me des Nations Unies et autres organismes internationaux pour susciter leur adh\u00e9sion et d\u00e9finir les axes d\u2019intervention, tel \u00e9tait l\u2019objectif de cette rencontre pr\u00e9sid\u00e9e par le Directeur des Nations-Unies, et de la Coop\u00e9ration D\u00e9centralis\u00e9e au MINREX, Ebenezer Mouandjo Mouandjo.<br \/>\nAu cours desdits travaux, le Directeur G\u00e9n\u00e9ral de la Soci\u00e9t\u00e9 Nationale des Mines (SONAMINES) Serges Herv\u00e9 Boyogueno, dans son propos liminaire, en a profit\u00e9 pour pr\u00e9senter la structure dont il a la charge et, les diff\u00e9rents projets en cours. L\u2019Op\u00e9ration Z\u00e9ro Enfant dans la mine a fait l\u2019objet d\u2019une pr\u00e9sentation dans toutes ses composantes, avec un point d\u2019honneur sur la troisi\u00e8me \u00e9dition pr\u00e9vue du 25 au 29 septembre 2023, dans les localit\u00e9s de Kambele, Kette, Colomine et Betar\u00e9 Oya dans la R\u00e9gion de l\u2019Est.<\/p>\n<style type=\"text\/css\">\n#foogallery-gallery-1347 .fg-image { width: 150px; }\n#foogallery-gallery-1347 { --fg-gutter: 10px; }<\/style>\n\t\t\t<div class=\"foogallery foogallery-container foogallery-default foogallery-lightbox-foobox fg-center fg-default fg-ready fg-light fg-border-thin fg-shadow-outline fg-loading-default fg-loaded-fade-in fg-caption-hover fg-hover-fade fg-hover-zoom\" id=\"foogallery-gallery-1347\" data-foogallery=\"{&quot;item&quot;:{&quot;showCaptionTitle&quot;:true,&quot;showCaptionDescription&quot;:true},&quot;lazy&quot;:true}\" style=\"--fg-title-line-clamp: 0; --fg-description-line-clamp: 0;\" >\n\t<div class=\"fg-item fg-type-image fg-idle\"><figure class=\"fg-item-inner\"><a href=\"https:\/\/sonamines.cm\/wp-content\/uploads\/2023\/06\/operation-zero-enfant-dans-la-mine-la-sonamines-a-la-conquete-des-partenaires-07.jpg\" data-attachment-id=\"1346\" data-type=\"image\" class=\"fg-thumb\"><span class=\"fg-image-wrap\"><img decoding=\"async\" width=\"150\" height=\"150\" class=\"skip-lazy fg-image\" data-src-fg=\"https:\/\/sonamines.cm\/wp-content\/uploads\/cache\/2023\/06\/operation-zero-enfant-dans-la-mine-la-sonamines-a-la-conquete-des-partenaires-07\/91209131.jpg\" src=\"data:image\/svg+xml,%3Csvg%20xmlns%3D%22http%3A%2F%2Fwww.w3.org%2F2000%2Fsvg%22%20width%3D%22150%22%20height%3D%22150%22%20viewBox%3D%220%200%20150%20150%22%3E%3C%2Fsvg%3E\" loading=\"eager\"><\/span><span class=\"fg-image-overlay\"><\/span><\/a><\/figure><div class=\"fg-loader\"><\/div><\/div><div class=\"fg-item fg-type-image fg-idle\"><figure class=\"fg-item-inner\"><a href=\"https:\/\/sonamines.cm\/wp-content\/uploads\/2023\/06\/operation-zero-enfant-dans-la-mine-la-sonamines-a-la-conquete-des-partenaires-03.jpg\" data-attachment-id=\"1345\" data-type=\"image\" class=\"fg-thumb\"><span class=\"fg-image-wrap\"><img decoding=\"async\" width=\"150\" height=\"150\" class=\"skip-lazy fg-image\" data-src-fg=\"https:\/\/sonamines.cm\/wp-content\/uploads\/cache\/2023\/06\/operation-zero-enfant-dans-la-mine-la-sonamines-a-la-conquete-des-partenaires-03\/1638957955.jpg\" src=\"data:image\/svg+xml,%3Csvg%20xmlns%3D%22http%3A%2F%2Fwww.w3.org%2F2000%2Fsvg%22%20width%3D%22150%22%20height%3D%22150%22%20viewBox%3D%220%200%20150%20150%22%3E%3C%2Fsvg%3E\" loading=\"eager\"><\/span><span class=\"fg-image-overlay\"><\/span><\/a><\/figure><div class=\"fg-loader\"><\/div><\/div><div class=\"fg-item fg-type-image fg-idle\"><figure class=\"fg-item-inner\"><a href=\"https:\/\/sonamines.cm\/wp-content\/uploads\/2023\/06\/operation-zero-enfant-dans-la-mine-la-sonamines-a-la-conquete-des-partenaires-08.jpg\" data-attachment-id=\"1344\" data-type=\"image\" class=\"fg-thumb\"><span class=\"fg-image-wrap\"><img decoding=\"async\" width=\"150\" height=\"150\" class=\"skip-lazy fg-image\" data-src-fg=\"https:\/\/sonamines.cm\/wp-content\/uploads\/cache\/2023\/06\/operation-zero-enfant-dans-la-mine-la-sonamines-a-la-conquete-des-partenaires-08\/3582365092.jpg\" src=\"data:image\/svg+xml,%3Csvg%20xmlns%3D%22http%3A%2F%2Fwww.w3.org%2F2000%2Fsvg%22%20width%3D%22150%22%20height%3D%22150%22%20viewBox%3D%220%200%20150%20150%22%3E%3C%2Fsvg%3E\" loading=\"eager\"><\/span><span class=\"fg-image-overlay\"><\/span><\/a><\/figure><div class=\"fg-loader\"><\/div><\/div><div class=\"fg-item fg-type-image fg-idle\"><figure class=\"fg-item-inner\"><a href=\"https:\/\/sonamines.cm\/wp-content\/uploads\/2023\/06\/operation-zero-enfant-dans-la-mine-la-sonamines-a-la-conquete-des-partenaires-05.jpg\" data-attachment-id=\"1343\" data-type=\"image\" class=\"fg-thumb\"><span class=\"fg-image-wrap\"><img decoding=\"async\" width=\"150\" height=\"150\" class=\"skip-lazy fg-image\" data-src-fg=\"https:\/\/sonamines.cm\/wp-content\/uploads\/cache\/2023\/06\/operation-zero-enfant-dans-la-mine-la-sonamines-a-la-conquete-des-partenaires-05\/3179605473.jpg\" src=\"data:image\/svg+xml,%3Csvg%20xmlns%3D%22http%3A%2F%2Fwww.w3.org%2F2000%2Fsvg%22%20width%3D%22150%22%20height%3D%22150%22%20viewBox%3D%220%200%20150%20150%22%3E%3C%2Fsvg%3E\" loading=\"eager\"><\/span><span class=\"fg-image-overlay\"><\/span><\/a><\/figure><div class=\"fg-loader\"><\/div><\/div><div class=\"fg-item fg-type-image fg-idle\"><figure class=\"fg-item-inner\"><a href=\"https:\/\/sonamines.cm\/wp-content\/uploads\/2023\/06\/operation-zero-enfant-dans-la-mine-la-sonamines-a-la-conquete-des-partenaires-06.jpg\" data-attachment-id=\"1342\" data-type=\"image\" class=\"fg-thumb\"><span class=\"fg-image-wrap\"><img decoding=\"async\" width=\"150\" height=\"150\" class=\"skip-lazy fg-image\" data-src-fg=\"https:\/\/sonamines.cm\/wp-content\/uploads\/cache\/2023\/06\/operation-zero-enfant-dans-la-mine-la-sonamines-a-la-conquete-des-partenaires-06\/3663198323.jpg\" src=\"data:image\/svg+xml,%3Csvg%20xmlns%3D%22http%3A%2F%2Fwww.w3.org%2F2000%2Fsvg%22%20width%3D%22150%22%20height%3D%22150%22%20viewBox%3D%220%200%20150%20150%22%3E%3C%2Fsvg%3E\" loading=\"eager\"><\/span><span class=\"fg-image-overlay\"><\/span><\/a><\/figure><div class=\"fg-loader\"><\/div><\/div><div class=\"fg-item fg-type-image fg-idle\"><figure class=\"fg-item-inner\"><a href=\"https:\/\/sonamines.cm\/wp-content\/uploads\/2023\/06\/operation-zero-enfant-dans-la-mine-la-sonamines-a-la-conquete-des-partenaires-04.jpg\" data-attachment-id=\"1341\" data-type=\"image\" class=\"fg-thumb\"><span class=\"fg-image-wrap\"><img decoding=\"async\" width=\"150\" height=\"150\" class=\"skip-lazy fg-image\" data-src-fg=\"https:\/\/sonamines.cm\/wp-content\/uploads\/cache\/2023\/06\/operation-zero-enfant-dans-la-mine-la-sonamines-a-la-conquete-des-partenaires-04\/2028457948.jpg\" src=\"data:image\/svg+xml,%3Csvg%20xmlns%3D%22http%3A%2F%2Fwww.w3.org%2F2000%2Fsvg%22%20width%3D%22150%22%20height%3D%22150%22%20viewBox%3D%220%200%20150%20150%22%3E%3C%2Fsvg%3E\" loading=\"eager\"><\/span><span class=\"fg-image-overlay\"><\/span><\/a><\/figure><div class=\"fg-loader\"><\/div><\/div><div class=\"fg-item fg-type-image fg-idle\"><figure class=\"fg-item-inner\"><a href=\"https:\/\/sonamines.cm\/wp-content\/uploads\/2023\/06\/operation-zero-enfant-dans-la-mine-la-sonamines-a-la-conquete-des-partenaires-01.jpg\" data-caption-title=\"u\" data-attachment-id=\"1340\" data-type=\"image\" class=\"fg-thumb\"><span class=\"fg-image-wrap\"><img decoding=\"async\" title=\"u\" width=\"150\" height=\"150\" class=\"skip-lazy fg-image\" data-src-fg=\"https:\/\/sonamines.cm\/wp-content\/uploads\/cache\/2023\/06\/operation-zero-enfant-dans-la-mine-la-sonamines-a-la-conquete-des-partenaires-01\/3646673865.jpg\" src=\"data:image\/svg+xml,%3Csvg%20xmlns%3D%22http%3A%2F%2Fwww.w3.org%2F2000%2Fsvg%22%20width%3D%22150%22%20height%3D%22150%22%20viewBox%3D%220%200%20150%20150%22%3E%3C%2Fsvg%3E\" loading=\"eager\"><\/span><span class=\"fg-image-overlay\"><\/span><\/a><figcaption class=\"fg-caption\"><div class=\"fg-caption-inner\"><div class=\"fg-caption-title\">u<\/div><\/div><\/figcaption><\/figure><div class=\"fg-loader\"><\/div><\/div><div class=\"fg-item fg-type-image fg-idle\"><figure class=\"fg-item-inner\"><a href=\"https:\/\/sonamines.cm\/wp-content\/uploads\/2023\/06\/operation-zero-enfant-dans-la-mine-la-sonamines-a-la-conquete-des-partenaires-02.jpg\" data-attachment-id=\"1339\" data-type=\"image\" class=\"fg-thumb\"><span class=\"fg-image-wrap\"><img decoding=\"async\" width=\"150\" height=\"150\" class=\"skip-lazy fg-image\" data-src-fg=\"https:\/\/sonamines.cm\/wp-content\/uploads\/cache\/2023\/06\/operation-zero-enfant-dans-la-mine-la-sonamines-a-la-conquete-des-partenaires-02\/1849498879.jpg\" src=\"data:image\/svg+xml,%3Csvg%20xmlns%3D%22http%3A%2F%2Fwww.w3.org%2F2000%2Fsvg%22%20width%3D%22150%22%20height%3D%22150%22%20viewBox%3D%220%200%20150%20150%22%3E%3C%2Fsvg%3E\" loading=\"eager\"><\/span><span class=\"fg-image-overlay\"><\/span><\/a><\/figure><div class=\"fg-loader\"><\/div><\/div><\/div>\n\n<p>En effet, l\u2019\u00e9dition en pr\u00e9paration se veut \u00eatre l\u2019expression de l\u2019envergure progressive que prend cette op\u00e9ration qui a pour objectif principal, de contribuer \u00e0 la r\u00e9insertion des enfants dans le syst\u00e8me \u00e9ducatif, en d\u00e9veloppant des mesures d\u2019accompagnement \u00e0 la scolarisation et l\u2019alphab\u00e9tisation, dans l\u2019optique de sortir les enfants des sites d\u2019exploitation mini\u00e8re et l\u2019accompagnement des parents dans la diversification de leurs activit\u00e9s. Enfin, un \u00e9tat de besoin \u00e9labor\u00e9 sur la base des sollicitations des diff\u00e9rentes \u00e9coles en zones mini\u00e8res et transmis \u00e0 la SONAMINES, a \u00e9t\u00e9 pr\u00e9sent\u00e9 \u00e0 ces partenaires de poids et de choix.<\/p>\n<p>La troisi\u00e8me \u00e9dition en pr\u00e9paration qui s\u2019inscrit dans la continuit\u00e9, sera principalement consacr\u00e9e aux activit\u00e9s de sensibilisation, \u00e0 la remise des dons en manuels, fournitures et bourses scolaires aux \u00e9l\u00e8ves, \u00e0 la subvention des salaires des maitres des parents pour l\u2019ann\u00e9e scolaire 2023\/2024.<\/p>\n<p>Les quatorze organismes issus du Syst\u00e8me des Nations-Unies et ONG internationales pr\u00e9sentes au Cameroun, ont pris la pleine mesure et salu\u00e9 l\u2019initiative pour cette cause noble qui permettra \u00e0 chaque partenaire dans son mandat et secteur d\u2019activit\u00e9s, d\u2019envisager des mesures d\u2019accompagnement de l\u2019Etat du Cameroun \u00e0 travers la SONAMINES, pour apporter sa pierre \u00e0 l\u2019\u00e9difice.<br \/>\nA l\u2019issue de cette s\u00e9ance de travail, l\u2019on s\u2019accorde \u00e0 mettre sur pied une plateforme de concertation pour la durabilit\u00e9 des actions de cette op\u00e9ration d\u2019envergure et qui est inscrite dans le long terme.<\/p>","protected":false},"excerpt":{"rendered":"<p>Une concertation avec les organisations internationales sous la houlette du Minist\u00e8re des Relations Ext\u00e9rieures, s\u2019est tenue le 02 juin dernier [&hellip;]<\/p>\n","protected":false},"author":3,"featured_media":1339,"comment_status":"open","ping_status":"open","sticky":false,"template":"","format":"standard","meta":{"_coblocks_attr":"","_coblocks_dimensions":"","_coblocks_responsive_height":"","_coblocks_accordion_ie_support":"","_uag_custom_page_level_css":"","footnotes":""},"categories":[3,4],"tags":[21,18],"class_list":["post-1337","post","type-post","status-publish","format-standard","has-post-thumbnail","hentry","category-activite","category-actualite","tag-3e-edition-operation-zero-enfant-dans-les-mines-2023","tag-operation-zero-enfant-dans-les-mines"],"uagb_featured_image_src":{"full":["https:\/\/sonamines.cm\/wp-content\/uploads\/2023\/06\/operation-zero-enfant-dans-la-mine-la-sonamines-a-la-conquete-des-partenaires-02.jpg?v=1686067426",1620,1080,false],"thumbnail":["https:\/\/sonamines.cm\/wp-content\/uploads\/2023\/06\/operation-zero-enfant-dans-la-mine-la-sonamines-a-la-conquete-des-partenaires-02-150x150.jpg?v=1686067426",150,150,true],"medium":["https:\/\/sonamines.cm\/wp-content\/uploads\/2023\/06\/operation-zero-enfant-dans-la-mine-la-sonamines-a-la-conquete-des-partenaires-02-300x200.jpg?v=1686067426",300,200,true],"medium_large":["https:\/\/sonamines.cm\/wp-content\/uploads\/2023\/06\/operation-zero-enfant-dans-la-mine-la-sonamines-a-la-conquete-des-partenaires-02-768x512.jpg?v=1686067426",640,427,true],"large":["https:\/\/sonamines.cm\/wp-content\/uploads\/2023\/06\/operation-zero-enfant-dans-la-mine-la-sonamines-a-la-conquete-des-partenaires-02-1024x683.jpg?v=1686067426",640,427,true],"1536x1536":["https:\/\/sonamines.cm\/wp-content\/uploads\/2023\/06\/operation-zero-enfant-dans-la-mine-la-sonamines-a-la-conquete-des-partenaires-02-1536x1024.jpg?v=1686067426",1536,1024,true],"2048x2048":["https:\/\/sonamines.cm\/wp-content\/uploads\/2023\/06\/operation-zero-enfant-dans-la-mine-la-sonamines-a-la-conquete-des-partenaires-02.jpg?v=1686067426",1620,1080,false],"trp-custom-language-flag":["https:\/\/sonamines.cm\/wp-content\/uploads\/2023\/06\/operation-zero-enfant-dans-la-mine-la-sonamines-a-la-conquete-des-partenaires-02-18x12.jpg?v=1686067426",18,12,true]},"uagb_author_info":{"display_name":"SANDIE Gilles","author_link":"https:\/\/sonamines.cm\/en\/author\/gillessandie\/"},"uagb_comment_info":0,"uagb_excerpt":"Une concertation avec les organisations internationales sous la houlette du Minist\u00e8re des Relations Ext\u00e9rieures, s\u2019est tenue le 02 juin dernier [&hellip;]","_links":{"self":[{"href":"https:\/\/sonamines.cm\/en\/wp-json\/wp\/v2\/posts\/1337","targetHints":{"allow":["GET"]}}],"collection":[{"href":"https:\/\/sonamines.cm\/en\/wp-json\/wp\/v2\/posts"}],"about":[{"href":"https:\/\/sonamines.cm\/en\/wp-json\/wp\/v2\/types\/post"}],"author":[{"embeddable":true,"href":"https:\/\/sonamines.cm\/en\/wp-json\/wp\/v2\/users\/3"}],"replies":[{"embeddable":true,"href":"https:\/\/sonamines.cm\/en\/wp-json\/wp\/v2\/comments?post=1337"}],"version-history":[{"count":0,"href":"https:\/\/sonamines.cm\/en\/wp-json\/wp\/v2\/posts\/1337\/revisions"}],"wp:featuredmedia":[{"embeddable":true,"href":"https:\/\/sonamines.cm\/en\/wp-json\/wp\/v2\/media\/1339"}],"wp:attachment":[{"href":"https:\/\/sonamines.cm\/en\/wp-json\/wp\/v2\/media?parent=1337"}],"wp:term":[{"taxonomy":"category","embeddable":true,"href":"https:\/\/sonamines.cm\/en\/wp-json\/wp\/v2\/categories?post=1337"},{"taxonomy":"post_tag","embeddable":true,"href":"https:\/\/sonamines.cm\/en\/wp-json\/wp\/v2\/tags?post=1337"}],"curies":[{"name":"wp","href":"https:\/\/api.w.org\/{rel}","templated":true}]}}